{"id":23979,"date":"2026-08-30T15:40:45","date_gmt":"2026-08-30T13:40:45","guid":{"rendered":"https:\/\/andel.info\/?p=23979"},"modified":"2026-08-31T11:49:15","modified_gmt":"2026-08-31T09:49:15","slug":"der-verwirrte-tortenwerfer","status":"publish","type":"post","link":"https:\/\/andel.info\/fr\/2026\/08\/30\/der-verwirrte-tortenwerfer\/","title":{"rendered":"L'entarteur embrouill\u00e9"},"content":{"rendered":"<p class=\"has-light-gray-background-color has-background\"><em>No\u00ebl Godin, d\u00e9c\u00e9d\u00e9 le 23 ao\u00fbt \u00e0 l'\u00e2ge de 80 ans, est principalement connu pour avoir entart\u00e9 des t\u00eates passag\u00e8rement connues. Conspu\u00e9 par beaucoup, affirmant ses pr\u00e9f\u00e9rences culturelles \u00e0 l'aide d'attentats p\u00e2tissiers souvent m\u00e9compris, il fut aussi un exemple d'\u00e9rudit pr\u00f4nant la jouissance imm\u00e9diate tous azimuts et se d\u00e9brouillant tant bien que mal avec un environnement \u00ab rasant, raseur et rasoir \u00bb au Royaume de Belgique.<\/em><\/p>\n\n\n\n<p class=\"has-drop-cap\"><a href=\"https:\/\/fr.wikipedia.org\/wiki\/No\u00ebl_Godin\" target=\"_blank\" rel=\"noreferrer noopener\">No\u00ebl Godin<\/a> est un pur produit de son espace-temps. N\u00e9 \u00e0 Li\u00e8ge en 1945 dans une famille bourgeoise, envoy\u00e9 \u00e0 l'\u00e9cole \u00e0 l'\u00e9cole primaire catholique Saint-Maur puis chez les sal\u00e9siens de l'Institut Don Bosco, il fr\u00e9quenta aussi la salle de cin\u00e9ma du coll\u00e8ge j\u00e9suite Saint-Servais. Il est en toute logique devenu profond\u00e9ment anticl\u00e9rical - ce que l'on nomme en Belgique un anti-calotin, en r\u00e9f\u00e9rence au <a href=\"https:\/\/fr.wikipedia.org\/wiki\/Calotte_(Belgique)\" target=\"_blank\" rel=\"noreferrer noopener\">calot<\/a> distinctif (\u00ab la calotte \u00bb) port\u00e9 par les \u00e9tudiants des universit\u00e9s catholiques qui ont fait choix de s'affilier \u00e0 un cercle estudiantin.<\/p>\n\n\n\n<p>Il lit, il va au cin\u00e9ma. Par ailleurs, il adopte une philosophie de vie et un comportement rebelles et subversifs dont le corps professoral essuie les pl\u00e2tres.\nIl travaille ensuite comme journaliste, d'abord dans la revue belge Amis du film et de la t\u00e9l\u00e9vision (dont seuls <a href=\"https:\/\/uurl.kbr.be\/bib\/15218572\" target=\"_blank\" rel=\"noreferrer noopener\">deux exemplaires plus tardifs<\/a> sont consultables \u00e0 la Biblioth\u00e8que Royale de Belgique). Il y publie de nombreuses impostures qui passent inaper\u00e7ues et sont parfois reprises ailleurs. Il invente des films, des cin\u00e9astes, des interviews.<\/p>\n\n\n\n<blockquote class=\"wp-block-quote is-layout-flow wp-block-quote-is-layout-flow\">\n<p><em>Il arrive encore que des programmateurs \u00e9clair\u00e9s de cin\u00e9-clubs ardennais cherchent d\u00e9sesp\u00e9r\u00e9ment une copie des L\u00e9gumes de bonne volont\u00e9 de Jean Clabau (1970) dans lequel Marcello Mastroinanni incarne un poireau g\u00e9ant, Monica Vitti une betterave, Bernardo Bertolucci un haricot, Claudia Cardinale une endive et Roberto Rossellini un artichaut.<\/em><\/p>\n<cite>No\u00ebl Godin \u00e0 propos d'un film qu'il a invent\u00e9 de toutes pi\u00e8ces, dans \u00ab Cr\u00e8me et ch\u00e2timent ! M\u00e9moires d'un Entarteur \u00bb, Albin Michel, p.29<\/cite><\/blockquote>\n\n\n\n<p>Le journaliste et \u00e9crivain fran\u00e7ais Jean-Pierre Bouyxou, grand amateur du neuvi\u00e8me art et historien du film de genre, n'\u00e9tait pas plus avare en canulars que son confr\u00e8re d'outre-Qui\u00e9vrain. C'est \u00e0 lui que l'on doit la cr\u00e9ation de Georges Le Gloupier.<\/p>\n\n\n\n<blockquote class=\"wp-block-quote is-layout-flow wp-block-quote-is-layout-flow\">\n<p><em>Entre 1960 et 1969, on en apprend de belles sur les innombrables talents de sa cr\u00e9ature. On d\u00e9couvre que, cin\u00e9aste, il a r\u00e9alis\u00e9 Moi rien que moi, toujours moi, un saisissant film sans pellicule amenant son r\u00e9alisateur, lors de chaque s\u00e9ance, \u00e0 se poster devant l'\u00e9cran, illumin\u00e9 par le projecteur tournant \u00e0 vide, et \u00e0 s'y d\u00e9v\u00eatir enti\u00e8rement en beuglant \u00ab L'\u00e9cole est finie  \u00bb de Sheila.<\/em><\/p>\n<cite>No\u00ebl Godin \u00e0 propos d'un r\u00e9alisateur et d'un film que Jean-Pierre Bouyxou a invent\u00e9s de toutes pi\u00e8ces, dans \u00ab Cr\u00e8me et ch\u00e2timent ! M\u00e9moires d'un Entarteur \u00bb, p.37<\/cite><\/blockquote>\n\n\n\n<p>Chimiquement, tous les \u00e9l\u00e9ments \u00e9taient r\u00e9unis. Anticl\u00e9rical, amateur de films et d'impostures, avide d'aventures le sortant de la grisaille ambiante et chauff\u00e9 dans le creuset de la culture, de la contre-culture et de tous leurs errements, No\u00ebl Godin s'empare \u00e0 son tour de la cr\u00e9ature de Georges Le Gloupier.<\/p>\n\n\n\n<p>Cela commence par un enchev\u00eatrement de canulars. Godin \u00e9crit dans \u00ab Amis du film et de la t\u00e9l\u00e9vision \u00bb en novembre 1969 que Georges Le Gloupier s'est rendu au domicile priv\u00e9 de Robert Bresson \u00e0 la suite de divergences principalement de nature chromatique et lui a balanc\u00e9 une tarte \u00e0 la cr\u00e8me en pleine figure. Dans l'\u00e9dition suivante de la m\u00eame revue, Godin d\u00e9crit que \u00ab Margerite Duras, qui admire beaucoup Robert Bresson, n'a pu supporter l'attentat cr\u00e9meux qui fut fait au cin\u00e9aste \u00bb et qu'elle profita d'une occasion pour entarter personnellement Le Gloupier dans un grand restaurant de Saint-Germain-Des-Pr\u00e9s. L'encre est encore fra\u00eeche quand le bruit se r\u00e9pand que Marguerite Duras est attendue \u00e0 Louvain, en Belgique. L'occasion fera le larron et le premier v\u00e9ritable entartage aura lieu le 12 novembre 1969. La r\u00e9action de Duras d\u00e9crite par Godin : un \u00e9norme pet sonore.<\/p>\n\n\n\n<blockquote class=\"wp-block-quote is-layout-flow wp-block-quote-is-layout-flow\">\n<p><em>Les attentats p\u00e2tissiers sont r\u00e9alis\u00e9s comme des films. Sauf que leurs protagonistes principaux ne savent pas qu\u2019ils jouent dedans.<\/em><\/p>\n<cite>Godin exposant <a href=\"https:\/\/leparatonnerre.fr\/2022\/08\/01\/noel-godin-la-creme-de-la-creme\/\" target=\"_blank\" rel=\"noreferrer noopener\">la trame<\/a> d'un entartage<\/cite><\/blockquote>\n\n\n\n<p>Les cibles de Godin sont prioritairement celles qui enthousiasment \u00ab l'intelligentsia  \u00bb autoproclam\u00e9e. Car l'\u00e9rudit se r\u00e9v\u00e8le et ne vise pas avant tout les \u00ab proies faciles \u00bb que seraient le cin\u00e9ma \u00e0 la papa, le th\u00e9\u00e2tre de boulevard ou d'autres productions culturelles populaires. Grand lecteur et grand cin\u00e9maniaque, il ne renie pas le droit au r\u00eave mais bien la cuistrerie et l'imposture qui ne dit pas son nom. Ses go\u00fbts sont bien entendu discutables, mais ils ont guid\u00e9 sa croisade. Ainsi, il entartera Godard qui l'avait d\u00e9\u00e7u. On sent bien, en l'entendant narrer l'\u00e9pop\u00e9e, qu'il s'agit presque d'un acte d'amour. En revanche, rien ne ressemble \u00e0 une peine de coeur pour la plupart des autres entart\u00e9s. Ainsi, lorsque Godin justifie en 1994 son choix du recordman du nombre d'entartages :<\/p>\n\n\n\n<blockquote class=\"wp-block-quote is-layout-flow wp-block-quote-is-layout-flow\">\n<p><em>Parce que c'est le pire. Parce qu'en cette d\u00e9cennie, on ne peut pas tomber sur une personnification plus gluante de la pens\u00e9e arrogamment roublarde, o\u00f9 tout n'est que trucs et troc, et que tics et toc. Il sent mauvais des yeux. Les yeux de Bernard-Henri Levy puent la fiente. C'est pourquoi ils n'ont jamais fait p\u00e2mer que les mouches \u00e0 merde.<\/em><\/p>\n<cite>\u00ab Cr\u00e8me et ch\u00e2timent ! M\u00e9moires d'un Entarteur \u00bb, page 7<\/cite><\/blockquote>\n\n\n\n<p>Au fil des ans, Godin et plus largement Georges Le Gloupier a \u00e9tabli un tableau de chasse aussi bigarr\u00e9 qu'impressionnant : Bruno Beausir (Doc Gyn\u00e9co), Maurice B\u00e9jart, Georges-Louis Bouchez, Benjamin Castaldi, Jean Charest, Jean-Pierre Chev\u00e8nement, Daniel Cohn-Bendit, Jean Delannoy, Philippe Douste-Blazy, Jean-Pierre Elkabbach, Marco Ferreri, <a href=\"https:\/\/www.youtube.com\/watch?v=Ai4F9HyaJwk\" target=\"_blank\" rel=\"noreferrer noopener\">Bill Gates<\/a>, Jean Gol, Henri Guillemin, Bernard Landry, Andr\u00e9-Joseph L\u00e9onard, Jerry O\u2019Dell, Michael O\u2019Leary, Patrick Poivre d\u2019Arvor par proxy (Alain Beverini), Edouard Poullet, Jean-Pierre Raffarin, le gourou Prem Rawat au volant de sa Rolls-Royce, H\u00e9l\u00e8ne Roll\u00e8s, S\u00e9gol\u00e8ne Royal, Nicolas Sarkozy, Pascal Sevran, Daniel Toscan du Plantier, Vladimir Volkoff, Melchior Wathelet, \u00c9ric Zemmour et le public du concours musical Reine Elisabeth.  Certains ne doivent qu'\u00e0 cet entartage de ne pas \u00eatre tomb\u00e9s dans l'oubli le plus total. D\u2019autres esp\u00e9raient un entartrage (comme Jean Amadou) ou, comme G\u00e9rard Depardieu, le redoutaient.<\/p>\n\n\n<div class=\"wp-block-image\">\n<figure class=\"aligncenter size-large\"><a href=\"https:\/\/andel.info\/wp-content\/uploads\/2026\/08\/Noel-Godin-Georges-Le-Gloupier.jpg\"><img loading=\"lazy\" decoding=\"async\" width=\"1024\" height=\"768\" src=\"https:\/\/andel.info\/wp-content\/uploads\/2026\/08\/Noel-Godin-Georges-Le-Gloupier-1024x768.jpg\" alt=\"No\u00ebl Godin selbst als \u201eOpfer\u201c eines \u201ekonditorialen Attentats\u201c in einer Sendung des staatlichen belgischen Fernsehsenders RTBF vom 28. Januar 1987.\" class=\"wp-image-23997\" srcset=\"https:\/\/andel.info\/wp-content\/uploads\/2026\/08\/Noel-Godin-Georges-Le-Gloupier-1024x768.jpg 1024w, https:\/\/andel.info\/wp-content\/uploads\/2026\/08\/Noel-Godin-Georges-Le-Gloupier-300x225.jpg 300w, https:\/\/andel.info\/wp-content\/uploads\/2026\/08\/Noel-Godin-Georges-Le-Gloupier-768x576.jpg 768w, https:\/\/andel.info\/wp-content\/uploads\/2026\/08\/Noel-Godin-Georges-Le-Gloupier-16x12.jpg 16w, https:\/\/andel.info\/wp-content\/uploads\/2026\/08\/Noel-Godin-Georges-Le-Gloupier-100x75.jpg 100w, https:\/\/andel.info\/wp-content\/uploads\/2026\/08\/Noel-Godin-Georges-Le-Gloupier.jpg 1500w\" sizes=\"auto, (max-width: 1024px) 100vw, 1024px\" \/><\/a><figcaption class=\"wp-element-caption\">No\u00ebl Godin victime lui-m\u00eame d'un attentat p\u00e2tissier dans un enregistrement de la RTBF du 28 janvier 1987<\/figcaption><\/figure><\/div>\n\n\n<p>Le temps donna souvent raison au Gloupier. Critiqu\u00e9 au moment m\u00eame, voire honni plus souvent qu'\u00e0 son tour par des publics tr\u00e8s h\u00e9t\u00e9rog\u00e8nes, il rallia aussi beaucoup de personnes discernant sans d\u00e9lai le bon grain de l'entart\u00e9. Car c'est dans la r\u00e9action \u00e0 l'entartage que l'humain se r\u00e9v\u00e8le, pour le meilleur et souvent pour le pire. Godin rapporte ainsi qu'en 1993, des m\u00e9dias ont rempli les pages \u00e0 leur fa\u00e7on pour commenter la r\u00e9action fort peu professionnelle de Patrick Bruel qui, d'un \u00abFoutez-moi \u00e7a dehors ! \u00bb, avait annul\u00e9 toute une s\u00e9rie d'entretiens avec des journalistes \u00e0 cause d'un entartage inopin\u00e9. Des fans \u00e9tonn\u00e9es ont elles aussi pris leur distance, estimant : \u00ab Une star doit pouvoir assumer \u00bb.<\/p>\n\n\n\n<p>Godin existait bien au-del\u00e0 de Georges Le Gloupier. Son Anthologie de la subversion carabin\u00e9e est une brique. D'autres ouvrages plus l\u00e9gers se focalisent davantage sur l'entartage, qui est \u00e0 son corpus ce que la chantilly est \u00e0 la tarte. Il ne manquait pas de recommander l'oeuvre de <a href=\"https:\/\/fr.wikipedia.org\/wiki\/Charles_Fourier\" target=\"_blank\" rel=\"noreferrer noopener\">Charles Fourier<\/a> , lui aussi fils de notable ayant re\u00e7u une \u00e9ducation catholique, surtout connu pour sa th\u00e9orie des <a href=\"https:\/\/fr.wikipedia.org\/wiki\/Phalanst\u00e8re\" target=\"_blank\" rel=\"noreferrer noopener\">phalanst\u00e8res<\/a> (des lieux de vie communautaires). Fourier est lui aussi le produit de son espace-temps, pr\u00f4nant : \u00ab la terre de la Soci\u00e9t\u00e9 harmonique sera divis\u00e9e en trois millions de phalanst\u00e8res, chacun regroupant 1 500 personnes des trois sexes \u00bb, les mineurs constituant le troisi\u00e8me sexe \u00ab neutre ou impub\u00e8re \u00bb.<\/p>\n\n\n\n<p>Le temps n'est d\u00e9cid\u00e9ment plus \u00e0 la rigolade. En France, l'attentat p\u00e2tissier est d\u00e9sormais consid\u00e9r\u00e9 comme une violence, condamnable, et la tarte \u00e0 la cr\u00e8me comme une arme. Comme si les coups souvent re\u00e7us en repr\u00e9sailles, et qui furent souvent film\u00e9s, n'\u00e9taient pas encore assez. \u00c0 sa mani\u00e8re, en optant pour une action directe traduite en attentats p\u00e2tissiers \u00e0 la violence symbolique dirig\u00e9s contre ceux qu'il qualifiait de pompeux cornichons, Godin tentait d'\u00eatre d\u00e9brouillard, \u00e0 savoir un \u00eatre d\u00e9gourdi qui arrive \u00e0 se diriger dans le brouillard du quotidien. Avec l'Internationale p\u00e2tissi\u00e8re, il laisse un <a href=\"https:\/\/www.youtube.com\/watch?v=EOLZs7rZxNc\" target=\"_blank\" rel=\"noreferrer noopener\">outil inspirant<\/a>, dont l'avenir reste plein de promesses. Car \u00e0 l'instar de ce que certains proposent \u00e0 propos de <a href=\"https:\/\/www.monde-diplomatique.fr\/2026\/08\/MOROZOV\/69807\" target=\"_blank\" rel=\"noreferrer noopener\">l'IA<\/a> dont les hallucinations omnipr\u00e9sentes sont par contre sans relief aucun, Georges Le Gloupier appartient d\u00e9sormais \u00e0 la collectivit\u00e9.<\/p>\n\n\n\n<p><em>Laurence Geyduschek<\/em><\/p>","protected":false},"excerpt":{"rendered":"<p>No\u00ebl Godin, der am 23. August im Alter von 80 Jahren verstarb, ist vor allem daf\u00fcr bekannt, vor\u00fcbergehend bekannte Pers\u00f6nlichkeiten mit Torten beworfen zu haben. Von vielen verschrien, bekundete er<\/p>","protected":false},"author":4,"featured_media":23989,"comment_status":"closed","ping_status":"open","sticky":false,"template":"","format":"standard","meta":{"footnotes":""},"categories":[40],"tags":[1433,1415,1423,1452,1446,1442,1419,1412,1073,1435,1450,1413,1434,1445,1436,1424,1437,632,1443,1427,1448,1444,1409,1441,1422,1418,1408,1421,1420,1438,1430,1410,1428,1417,1426,1425,1447,1411,159,1407,1406,1429,1449,1432,1439,1451,1416,1414,1440,1431],"class_list":["post-23979","post","type-post","status-publish","format-standard","has-post-thumbnail","hentry","category-nachruf","tag-alain-beverini","tag-albin-michel","tag-andre-joseph-leonard","tag-annie-chancel-sheila","tag-benjamin-castaldi","tag-bernard-landry","tag-bernard-henri-levy","tag-bernardo-bertolucci","tag-bill-gates","tag-bruno-beausir-doc-gyneco","tag-charles-fourier","tag-claudia-cardinale","tag-daniel-cohn-bendit","tag-daniel-toscan-du-plantier","tag-edouard-poullet","tag-eric-zemmour","tag-georges-louis-bouchez","tag-gerard-depardieu","tag-helene-rolles","tag-henri-guillemin","tag-jean-amadou","tag-jean-charest","tag-jean-clabau","tag-jean-delannoy","tag-jean-gol","tag-jean-luc-godard","tag-jean-pierre-bouyxou","tag-jean-pierre-chevenement","tag-jean-pierre-elkabbach","tag-jean-pierre-raffarin","tag-jerry-odell","tag-marcello-mastroianni","tag-marco-ferreri","tag-marguerite-duras","tag-maurice-bejart","tag-melchior-wathelet","tag-michael-oleary","tag-monica-vitti","tag-nicolas-sarkozy","tag-noel-godin","tag-noel-godin-georges-le-gloupier","tag-pascal-sevran","tag-patrick-bruel","tag-patrick-poivre-darvor","tag-philippe-douste-blazy","tag-prem-rawat","tag-robert-bresson","tag-roberto-rossellini","tag-segolene-royal","tag-vladimir-volkoff"],"_links":{"self":[{"href":"https:\/\/andel.info\/fr\/wp-json\/wp\/v2\/posts\/23979","targetHints":{"allow":["GET"]}}],"collection":[{"href":"https:\/\/andel.info\/fr\/wp-json\/wp\/v2\/posts"}],"about":[{"href":"https:\/\/andel.info\/fr\/wp-json\/wp\/v2\/types\/post"}],"author":[{"embeddable":true,"href":"https:\/\/andel.info\/fr\/wp-json\/wp\/v2\/users\/4"}],"replies":[{"embeddable":true,"href":"https:\/\/andel.info\/fr\/wp-json\/wp\/v2\/comments?post=23979"}],"version-history":[{"count":55,"href":"https:\/\/andel.info\/fr\/wp-json\/wp\/v2\/posts\/23979\/revisions"}],"predecessor-version":[{"id":24040,"href":"https:\/\/andel.info\/fr\/wp-json\/wp\/v2\/posts\/23979\/revisions\/24040"}],"wp:featuredmedia":[{"embeddable":true,"href":"https:\/\/andel.info\/fr\/wp-json\/wp\/v2\/media\/23989"}],"wp:attachment":[{"href":"https:\/\/andel.info\/fr\/wp-json\/wp\/v2\/media?parent=23979"}],"wp:term":[{"taxonomy":"category","embeddable":true,"href":"https:\/\/andel.info\/fr\/wp-json\/wp\/v2\/categories?post=23979"},{"taxonomy":"post_tag","embeddable":true,"href":"https:\/\/andel.info\/fr\/wp-json\/wp\/v2\/tags?post=23979"}],"curies":[{"name":"wp","href":"https:\/\/api.w.org\/{rel}","templated":true}]}}