{"id":20008,"date":"2026-04-20T17:58:40","date_gmt":"2026-04-20T15:58:40","guid":{"rendered":"https:\/\/andel.info\/?p=20008"},"modified":"2026-04-23T18:16:35","modified_gmt":"2026-04-23T16:16:35","slug":"der-abgewaehlte-krieg","status":"publish","type":"post","link":"https:\/\/andel.info\/fr\/2026\/04\/20\/der-abgewaehlte-krieg\/","title":{"rendered":"La guerre d\u00e9savou\u00e9e par les urnes"},"content":{"rendered":"\n<p class=\"has-light-gray-background-color has-background\"><em>Der ukrainische Selbstbedienungsladen im Osten Europas nutzt die Regierungen im Westen effizient wie nachhaltig ab. Die Verschlei\u00dferscheinungen gehen so weit, dass die Russlandvernichter Macron, Merz und Starmer sich nun die Auszeichnung der <a href=\"https:\/\/x.com\/stats_feed\/status\/2045861936953471222\" target=\"_blank\" rel=\"noreferrer noopener\">weltweit unbeliebtesten Politiker<\/a> teilen d\u00fcrfen. W\u00e4hrend Starmer derzeit alles tut, um vorzeitig zur\u00fcckzutreten, ist Macron die <a href=\"https:\/\/de.wikipedia.org\/wiki\/Kugelung\" target=\"_blank\" rel=\"noreferrer noopener\">schwarze Kugel<\/a><em> sp\u00e4testens <\/em><em>bei der Pr\u00e4sidentschaftswahl im April 2027 sicher<\/em>, sodass der BlackRock-Kanzler vielleicht schon bald alleine Krieg f\u00fchren darf.<\/em><\/p>\n\n\n\n<p class=\"has-drop-cap\">Die Zahlen lassen aufhorchen. Noch nie waren europ\u00e4ische Regierungschefs derart unbeliebt. Was \u00fcber Jahrzehnte hinweg argumentativ ertragen wurde, findet nun allm\u00e4hlich ein Ende: das Drama von immer mehr Arbeit f\u00fcr immer weniger Geld bei fortw\u00e4hrend steigenden Kosten und sinkender Lebensqualit\u00e4t. Einzelne werden mit dieser Volksverachtungspolitik immer reicher, der Rest immer \u00e4rmer. Absurde Gro\u00dfprojekte wie die radikale Energiewende als Reaktion auf jahrzehntelanges Aussitzen oder die verwerfliche neue deutsche Kriegst\u00fcchtigkeit gie\u00dfen weiteres \u00d6l ins Feuer zunehmender Armut. Politiker, die das Volk verachten und nicht vertreten, sind allein verantwortlich f\u00fcr diese keineswegs neue Entwicklung. Die Reaktion des W\u00e4hlers? Er w\u00e4hlt aus Protest immer weiter rechts, da die dort angesiedelten politischen Kr\u00e4fte zuh\u00f6ren und sich, wenn auch nur vorgeblich, die Wut des B\u00fcrgers zueigen machen.<\/p>\n\n\n\n<p>J\u00fcngsten Umfragen zufolge geht es f\u00fcr jene politische Parteien ohne Ans\u00e4tze zur Verbesserung der Lebensqualit\u00e4t, daf\u00fcr aber mit grenzenlosem Katalog an Schuldzuweisungen und Forderungen nun schneller abw\u00e4rts, als gedacht. Ehemalige Volksparteien wie die deutsche SPD, die franz\u00f6sische <em>PS<\/em> (parti socialiste) oder die britische <em>Labour Party<\/em> werden immer kleiner. In <a href=\"https:\/\/www.wahlrecht.de\/umfragen\/insa.htm\" target=\"_blank\" rel=\"noreferrer noopener\">Deutschland<\/a> k\u00e4me die SPD gerade noch auf 14%, in <a href=\"https:\/\/www.odoxa.fr\/sondage\/spectaculaire-come-back-dedouard-philippe-il-remporterait-aujourdhui-la-presidentielle\/\" target=\"_blank\" rel=\"noreferrer noopener\">Frankreich<\/a> die PS auf nur noch 10% und auf der <a href=\"https:\/\/yougov.com\/en-gb\/articles\/54524-voting-intention-12-13-april-2026-ref-24-con-19-grn-18-lab-17-ld-13\" target=\"_blank\" rel=\"noreferrer noopener\">britischen Insel<\/a> darf Labour noch von 17% ausgehen. W\u00e4hrenddessen suhlen sich die Rechtspopulisten in der W\u00e4hlergunst. In Deutschland hat die <em>AfD<\/em> (Alternative f\u00fcr Deutschland) mit 27% die CDU mit 24% als st\u00e4rkste Kraft abgel\u00f6st. In Frankreich f\u00fchrt die <em>RN<\/em> (Rassemblement National) mit 34% deutlich gegen\u00fcber dem Regierungsb\u00fcndnis <em>Ensemble pour la R\u00e9publique<\/em> mit 21% und auf der britischen Insel d\u00fcrfen die Politiker von <em>Reform UK<\/em> auf 24% hoffen und liegen damit f\u00fcnf Prozent vor den Tories mit 19%.<\/p>\n\n\n\n<p>Was dieser deutliche Rechtsruck eines Tages konkret hei\u00dfen wird, sei dahingestellt. Tatsache ist, dass er schnell kommt und die Chancen auf ein Umdenken vertan wurden. Europ\u00e4ische Aufr\u00fcstungsstrategien werden den Sargnagel nur weiter vertiefen, denn kein EU-Staat verf\u00fcgt mehr \u00fcber eine hinreichend sterbewillige Bev\u00f6lkerung, um all die gro\u00dfen Armeevorhaben umzusetzen. Und keine europ\u00e4ische Industrie verf\u00fcgt mehr \u00fcber die technologische F\u00e4higkeit, um mit einem Fertigungsgiganten wie China auf dem Schlachtfeld konkurrieren zu k\u00f6nnen. Die Zeit f\u00fcr Kooperationen mit China und Russland ist mehr als \u00fcberf\u00e4llig, da Israel und die USA zu weltpolitischen Risikofaktoren geworden sind und deren indoktrinierte Bev\u00f6lkerungen oder undemokratische Wahlsysteme kaum Hoffnungen auf politische Reformkr\u00e4fte zulassen. Wer jedoch einen Dritten Weltkrieg als verlockend empfindet, muss nur diesen beiden Staaten weiter folgen.<\/p>\n\n\n\n<p>Noch lautet die erb\u00e4rmliche Strategie des westlichen Schwanengesangs, unangenehme Meinungen mit Sanktionsdrohungen oder existenzvernichtenden Ma\u00dfnahmen verschwinden lassen zu wollen, bislang jedoch f\u00fchrt dies nur zu einer weiteren Verh\u00e4rtung der Meinungsfronten. Schlimmer noch, Intoleranz f\u00e4rbt ab und gilt irgendwann f\u00fcr alle, die Aggressivit\u00e4t politischer Diskurse sinkt damit gewiss nicht. Wer keine Argumente zur Rechtfertigung seiner Politik hat, wird sein Unverm\u00f6gen auch mit dem Verbot legitimer Meinungs\u00e4u\u00dferung nicht beseitigen k\u00f6nnen und am Ende Opfer seiner eigenen Vorgehensweise. Wie weit dies gehen kann, l\u00e4sst sich in Israel beobachten, wo es neben der 1919 gegr\u00fcndeten Zeitung <a href=\"https:\/\/de.wikipedia.org\/wiki\/Ha\u02bearetz\" target=\"_blank\" rel=\"noreferrer noopener\">Haaretz<\/a> (\u05d4\u05b8\u05d0\u05b8\u05e8\u05b6\u05e5) kaum mehr ein kritisches Medium gibt. Ein Weg, dem Europa mit seinen zahlreichen Einschr\u00e4nkungen der Pressefreiheit zu folgen gewillt scheint.<\/p>\n\n\n\n<p>Rechtspopulisten im Siegesrausch ist w\u00e4hrenddessen anzuraten, sich der Einmaligkeit der Chance eines realen Politikwechsels bewusst zu werden. Vermutlich ist das Wunschdenken, die Fortsetzung gescheiterter Strategien aber w\u00e4re fatal, gef\u00fchlte tausend Jahre CDU haben das vortrefflich bewiesen. Aufr\u00fcstung und Krieg sind weder Allheilmittel noch Technologiestimulanz, was momentan nicht nur im Iran beobachtet werden kann. Dort wehrt sich ein seit Jahrzehnten kaputt sanktioniertes Land auch nach Wochen des Krieges noch gegen zwei der schlagkr\u00e4ftigsten Armeen der Welt. Einer Ersatz-NATO bedarf es daher nicht, einer Fortsetzung der transatlantischen Politik oder deren Nachahmung noch weniger.<\/p>\n\n\n\n<p>Fl\u00fcchtlinge entstehen durch Krisenherde und auch Krisenherde sind viel zu oft Folge vertaner westlicher Politik. Europa ist mit seiner pomp\u00f6sen NATO-Expansion und gleichzeitigen Sparpolitik f\u00fcr alle B\u00fcrger am Ende der Fahnenstange angelangt, von pl\u00f6tzlichem Kinderreichtum in einem solchen Umfeld nicht auszugehen. Wer alle Ausl\u00e4nder loswerden will, wird daher unweigerlich ein demographisches Problem haben, nicht nur hinsichtlich der Kosten f\u00fcr Kranken- und Rentenkasse, sondern auch des Pflegepersonals. Mit deutschst\u00e4mmigen Rentnern ist kaum ein Staat zu machen, auch wenn rechte Parteien dies ihren vor \u00dcberfremdung zitternden W\u00e4hlern Glauben machen wollen.<\/p>\n\n\n<div class=\"wp-block-image\">\n<figure class=\"aligncenter size-large is-resized\"><a href=\"https:\/\/andel.info\/wp-content\/uploads\/2026\/04\/Hastings-Ismay.jpg\"><img loading=\"lazy\" decoding=\"async\" width=\"795\" height=\"1024\" src=\"https:\/\/andel.info\/wp-content\/uploads\/2026\/04\/Hastings-Ismay-795x1024.jpg\" alt=\"Hastings Ismay (erster Generalsekret\u00e4r der NATO)\" class=\"wp-image-20124\" style=\"width:795px;height:auto\" srcset=\"https:\/\/andel.info\/wp-content\/uploads\/2026\/04\/Hastings-Ismay-795x1024.jpg 795w, https:\/\/andel.info\/wp-content\/uploads\/2026\/04\/Hastings-Ismay-233x300.jpg 233w, https:\/\/andel.info\/wp-content\/uploads\/2026\/04\/Hastings-Ismay-768x990.jpg 768w, https:\/\/andel.info\/wp-content\/uploads\/2026\/04\/Hastings-Ismay-9x12.jpg 9w, https:\/\/andel.info\/wp-content\/uploads\/2026\/04\/Hastings-Ismay.jpg 1164w\" sizes=\"auto, (max-width: 795px) 100vw, 795px\" \/><\/a><figcaption class=\"wp-element-caption\">Hastings Ismay (1887-1965) zufolge ist Aufgabe der NATO: \u201edie Amerikaner drinnen, die Russen drau\u00dfen und die Deutschen unten zu halten\u201c<\/figcaption><\/figure><\/div>\n\n\n<p>Als Deutschland sich am 6. Mai 1955 der NATO anschloss, meinte der erste Generalsekret\u00e4r Hastings Ismay, der Zweck des B\u00fcndnisses w\u00e4re, \u201edie Amerikaner drinnen [in Westeuropa], die Russen drau\u00dfen und die Deutschen unten zu halten\u201c. Der Beweis wurde erbracht: mit dem ukrainischen Expansionskrieg war die NATO nicht nur erfolgreich damit, Deutschland, sondern auch gleich Frankreich und die britische Insel mit in den finanziellen Abgrund zu ziehen. Die Moral von der Geschichte? Alles au\u00dfer einem Strategiewechsel, s\u00e4mtliche noch verf\u00fcgbaren Mittel m\u00fcssen weiter in die Ukraine flie\u00dfen. Fragt sich, was eine v\u00f6llig verarmte EU mit einem ruinierten Russland t\u00e4te, wenn es denn so k\u00e4me?<\/p>\n\n\n\n<p>Abseits furchterregender Wahlprogramme und \u00fcblicher Verbalrebellion bleibt schleierhaft, was rechtspopulistische Parteien insgesamt wollen. Sich politisch \u201erechts\u201c von etwas zu situieren, das ohnehin nur vorgibt, konservativ zu sein, ist bereits problematisch genug. \u00dcberaus schnell in die Ecke marschierender Gro\u00dfv\u00e4ter gestellt zu werden, soll als Vorwurf gar nicht erst aufkommen, nur die Zukunft aber wird es weisen. Das Abw\u00e4hlen des Krieges jedoch w\u00e4re bereits ein fetter Sieg. Und vielleicht reicht das ja schon.<\/p>\n\n\n\n<p><em>David Andel<\/em><\/p>\n","protected":false},"excerpt":{"rendered":"<p>Der ukrainische Selbstbedienungsladen im Osten Europas nutzt die Regierungen im Westen effizient wie nachhaltig ab. Die Verschlei\u00dferscheinungen gehen so weit, dass die Russlandvernichter Macron, Merz und Starmer sich nun die Auszeichnung der weltweit unbeliebtesten Politiker teilen d\u00fcrfen. W\u00e4hrend Starmer derzeit alles tut, um vorzeitig zur\u00fcckzutreten, ist Macron die schwarze Kugel<\/p>","protected":false},"author":2,"featured_media":20023,"comment_status":"closed","ping_status":"open","sticky":false,"template":"","format":"standard","meta":{"footnotes":""},"categories":[446,451,2],"tags":[627,628,1277,574],"class_list":["post-20008","post","type-post","status-publish","format-standard","has-post-thumbnail","hentry","category-eu","category-kolumne","category-politik","tag-emmanuel-macron","tag-friedrich-merz","tag-hastings-ismay","tag-keir-starmer"],"_links":{"self":[{"href":"https:\/\/andel.info\/fr\/wp-json\/wp\/v2\/posts\/20008","targetHints":{"allow":["GET"]}}],"collection":[{"href":"https:\/\/andel.info\/fr\/wp-json\/wp\/v2\/posts"}],"about":[{"href":"https:\/\/andel.info\/fr\/wp-json\/wp\/v2\/types\/post"}],"author":[{"embeddable":true,"href":"https:\/\/andel.info\/fr\/wp-json\/wp\/v2\/users\/2"}],"replies":[{"embeddable":true,"href":"https:\/\/andel.info\/fr\/wp-json\/wp\/v2\/comments?post=20008"}],"version-history":[{"count":120,"href":"https:\/\/andel.info\/fr\/wp-json\/wp\/v2\/posts\/20008\/revisions"}],"predecessor-version":[{"id":20137,"href":"https:\/\/andel.info\/fr\/wp-json\/wp\/v2\/posts\/20008\/revisions\/20137"}],"wp:featuredmedia":[{"embeddable":true,"href":"https:\/\/andel.info\/fr\/wp-json\/wp\/v2\/media\/20023"}],"wp:attachment":[{"href":"https:\/\/andel.info\/fr\/wp-json\/wp\/v2\/media?parent=20008"}],"wp:term":[{"taxonomy":"category","embeddable":true,"href":"https:\/\/andel.info\/fr\/wp-json\/wp\/v2\/categories?post=20008"},{"taxonomy":"post_tag","embeddable":true,"href":"https:\/\/andel.info\/fr\/wp-json\/wp\/v2\/tags?post=20008"}],"curies":[{"name":"wp","href":"https:\/\/api.w.org\/{rel}","templated":true}]}}