{"id":18546,"date":"2026-03-09T15:32:59","date_gmt":"2026-03-09T14:32:59","guid":{"rendered":"https:\/\/andel.info\/?p=18546"},"modified":"2026-03-10T19:09:34","modified_gmt":"2026-03-10T18:09:34","slug":"aufenthalt-in-der-geschichte","status":"publish","type":"post","link":"https:\/\/andel.info\/fr\/2026\/03\/09\/aufenthalt-in-der-geschichte\/","title":{"rendered":"Un s\u00e9jour plein d'histoire"},"content":{"rendered":"\n<p class=\"has-light-gray-background-color has-background\"><em>Warum ausgerechnet Sues, Port Said oder <a href=\"https:\/\/de.wikipedia.org\/wiki\/Ismailia\" target=\"_blank\" rel=\"noreferrer noopener\">Ismailia<\/a>? Diese Frage h\u00f6rt der abseits der Trampelpfade verkehrende Reisende immer wieder. Wie so oft liegt eine Verwechslung vor, denn ein Reisender ist kein Tourist. \u201eTouristen denken ans Abreisen, sobald sie ankommen. Reisende dagegen kehren vielleicht gar nicht zur\u00fcck.\u201c hei\u00dft es in Bertoluccis <a href=\"https:\/\/de.wikipedia.org\/wiki\/Himmel_\u00fcber_der_W\u00fcste_(Film)\" target=\"_blank\" rel=\"noreferrer noopener\">Himmel \u00fcber der W\u00fcste<\/a> (1990). An die Abreise denkt man im <a href=\"https:\/\/maisonmaximdelesseps.com\" target=\"_blank\" rel=\"noreferrer noopener\">Maxim de Lesseps<\/a> im \u00e4gyptischen Ismailia tats\u00e4chlich nicht.<\/em><\/p>\n\n\n\n<p class=\"has-drop-cap\">Ismailia wurde 1863 gegr\u00fcndet und liegt etwa 120 Kilometer von Kairo entfernt. W\u00e4hrend die Stadt 2017 noch knapp 400.000 Einwohner z\u00e4hlte, waren es 2023 bereits 50.000 mehr. Zusammen mit den St\u00e4dten <a href=\"https:\/\/de.wikipedia.org\/wiki\/Port_Said\" target=\"_blank\" rel=\"noreferrer noopener\">Port Said<\/a> (800.000 Einwohner) und <a href=\"https:\/\/de.wikipedia.org\/wiki\/Sues\" target=\"_blank\" rel=\"noreferrer noopener\">Sues<\/a> (800.000 Einwohner) z\u00e4hlt Ismailia damit zu jenem wirtschaftlichen Knotenpunkt \u00c4gyptens, der vor allem vom Sueskanal profitiert, mit dessen Bau am 25. April 1859 begonnen wurde. Bauherr war das franz\u00f6sische Unternehmen <a href=\"https:\/\/fr.wikipedia.org\/wiki\/Suez_(entreprise,_1858-2008)\" target=\"_blank\" rel=\"noreferrer noopener\">Suez<\/a>, das von 1858 bis 2008 bestand und unter anderem zum betr\u00e4chtlichen Reichtum des passionierten Steuervermeiders <a href=\"https:\/\/de.wikipedia.org\/wiki\/Bernard_Arnault\" target=\"_blank\" rel=\"noreferrer noopener\">Bernard Arnault<\/a> beitrug. Manche ber\u00fchmte S\u00f6hne Ismailias sind wenig \u00fcberraschend ebenfalls Franzosen, beispielsweise die S\u00e4nger <a href=\"https:\/\/en.wikipedia.org\/wiki\/Louis_Chedid\" target=\"_blank\" rel=\"noreferrer noopener\">Louis Chedid<\/a> und <a href=\"https:\/\/de.wikipedia.org\/wiki\/Claude_Fran\u00e7ois\" target=\"_blank\" rel=\"noreferrer noopener\">Claude Fran\u00e7ois<\/a>.<\/p>\n\n\n<div class=\"wp-block-image\">\n<figure class=\"aligncenter size-large\"><a href=\"https:\/\/andel.info\/wp-content\/uploads\/2026\/03\/Kutsche-aus-der-Zeit-de-Lesseps.jpg\"><img loading=\"lazy\" decoding=\"async\" width=\"1024\" height=\"576\" src=\"https:\/\/andel.info\/wp-content\/uploads\/2026\/03\/Kutsche-aus-der-Zeit-de-Lesseps-1024x576.jpg\" alt=\"Im Innenhof des Hotels steht eine alte Kutsche aus der Zeit de Lesseps\" class=\"wp-image-18599\" srcset=\"https:\/\/andel.info\/wp-content\/uploads\/2026\/03\/Kutsche-aus-der-Zeit-de-Lesseps-1024x576.jpg 1024w, https:\/\/andel.info\/wp-content\/uploads\/2026\/03\/Kutsche-aus-der-Zeit-de-Lesseps-300x169.jpg 300w, https:\/\/andel.info\/wp-content\/uploads\/2026\/03\/Kutsche-aus-der-Zeit-de-Lesseps-768x432.jpg 768w, https:\/\/andel.info\/wp-content\/uploads\/2026\/03\/Kutsche-aus-der-Zeit-de-Lesseps-1536x864.jpg 1536w, https:\/\/andel.info\/wp-content\/uploads\/2026\/03\/Kutsche-aus-der-Zeit-de-Lesseps-2048x1152.jpg 2048w, https:\/\/andel.info\/wp-content\/uploads\/2026\/03\/Kutsche-aus-der-Zeit-de-Lesseps-18x10.jpg 18w\" sizes=\"auto, (max-width: 1024px) 100vw, 1024px\" \/><\/a><figcaption class=\"wp-element-caption\">Die ehemalige Kutsche de Lesseps steht im Innenhof des Hauses<\/figcaption><\/figure><\/div>\n\n\n<p>Das Unternehmen, dessen Namen urspr\u00fcnglich <em>La Compagnie universelle du canal maritime de Suez<\/em> lautete, wurde 1858 von <a href=\"https:\/\/de.wikipedia.org\/wiki\/Ferdinand_de_Lesseps\" target=\"_blank\" rel=\"noreferrer noopener\">Ferdinand Marie de Lesseps<\/a> gegr\u00fcndet und betrieb den Sueskanal fast 100 Jahre lang bis zu seiner Verstaatlichung durch den \u00e4gyptischen Pr\u00e4sidenten&nbsp;<a href=\"https:\/\/de.wikipedia.org\/wiki\/Gamal_Abdel_Nasser\" target=\"_blank\" rel=\"noreferrer noopener\">Gamal Abdel Nasser<\/a> am 26.&nbsp;Juli 1956. De Lesseps, der die \u00c4gypter sp\u00e4ter als \u201e<a href=\"https:\/\/gallica.bnf.fr\/ark:\/12148\/bpt6k86302759\/f32.item.texteImage\" target=\"_blank\" rel=\"noreferrer noopener\">fr\u00f6hlichstes Volk der Welt<\/a>\u201c bezeichnen sollte, stammte selbst aus dem franz\u00f6sischen Versailles und weilte w\u00e4hrend der Konstruktion des Kanals zwischen 1859 und 1869 in Ismailia, wo er ein komfortables Haus errichten lie\u00df, in dem sich gleichzeitig sein B\u00fcro befand.<\/p>\n\n\n\n<figure class=\"wp-block-gallery aligncenter has-nested-images columns-2 is-cropped wp-block-gallery-1 is-layout-flex wp-block-gallery-is-layout-flex\">\n<figure class=\"wp-block-image size-large\"><a href=\"https:\/\/andel.info\/wp-content\/uploads\/2026\/03\/Gartenrestaurant.jpg\"><img loading=\"lazy\" decoding=\"async\" width=\"1024\" height=\"768\" data-id=\"18571\" src=\"https:\/\/andel.info\/wp-content\/uploads\/2026\/03\/Gartenrestaurant-1024x768.jpg\" alt=\"Im Gartenrestaurant kann man sowohl fr\u00fchst\u00fccken, seinen Nachmittagstee trinken und auch zu Abend essen\" class=\"wp-image-18571\" srcset=\"https:\/\/andel.info\/wp-content\/uploads\/2026\/03\/Gartenrestaurant-1024x768.jpg 1024w, https:\/\/andel.info\/wp-content\/uploads\/2026\/03\/Gartenrestaurant-300x225.jpg 300w, https:\/\/andel.info\/wp-content\/uploads\/2026\/03\/Gartenrestaurant-768x576.jpg 768w, https:\/\/andel.info\/wp-content\/uploads\/2026\/03\/Gartenrestaurant-1536x1152.jpg 1536w, https:\/\/andel.info\/wp-content\/uploads\/2026\/03\/Gartenrestaurant-16x12.jpg 16w, https:\/\/andel.info\/wp-content\/uploads\/2026\/03\/Gartenrestaurant-100x75.jpg 100w, https:\/\/andel.info\/wp-content\/uploads\/2026\/03\/Gartenrestaurant.jpg 1707w\" sizes=\"auto, (max-width: 1024px) 100vw, 1024px\" \/><\/a><figcaption class=\"wp-element-caption\">Gartenrestaurant<\/figcaption><\/figure>\n\n\n\n<figure class=\"wp-block-image size-large\"><a href=\"https:\/\/andel.info\/wp-content\/uploads\/2026\/03\/Sonnenbad.jpg\"><img loading=\"lazy\" decoding=\"async\" width=\"1024\" height=\"768\" data-id=\"18572\" src=\"https:\/\/andel.info\/wp-content\/uploads\/2026\/03\/Sonnenbad-1024x768.jpg\" alt=\"Einladung zum Sonnenbad\" class=\"wp-image-18572\" srcset=\"https:\/\/andel.info\/wp-content\/uploads\/2026\/03\/Sonnenbad-1024x768.jpg 1024w, https:\/\/andel.info\/wp-content\/uploads\/2026\/03\/Sonnenbad-300x225.jpg 300w, https:\/\/andel.info\/wp-content\/uploads\/2026\/03\/Sonnenbad-768x576.jpg 768w, https:\/\/andel.info\/wp-content\/uploads\/2026\/03\/Sonnenbad-1536x1152.jpg 1536w, https:\/\/andel.info\/wp-content\/uploads\/2026\/03\/Sonnenbad-16x12.jpg 16w, https:\/\/andel.info\/wp-content\/uploads\/2026\/03\/Sonnenbad-100x75.jpg 100w, https:\/\/andel.info\/wp-content\/uploads\/2026\/03\/Sonnenbad.jpg 1707w\" sizes=\"auto, (max-width: 1024px) 100vw, 1024px\" \/><\/a><figcaption class=\"wp-element-caption\">Einladung zum Sonnenbad<\/figcaption><\/figure>\n\n\n\n<figure class=\"wp-block-image size-large\"><a href=\"https:\/\/andel.info\/wp-content\/uploads\/2026\/03\/Swimming-Pool.jpg\"><img loading=\"lazy\" decoding=\"async\" width=\"1024\" height=\"768\" data-id=\"18573\" src=\"https:\/\/andel.info\/wp-content\/uploads\/2026\/03\/Swimming-Pool-1024x768.jpg\" alt=\"Opulenter Swimming Pool\" class=\"wp-image-18573\" srcset=\"https:\/\/andel.info\/wp-content\/uploads\/2026\/03\/Swimming-Pool-1024x768.jpg 1024w, https:\/\/andel.info\/wp-content\/uploads\/2026\/03\/Swimming-Pool-300x225.jpg 300w, https:\/\/andel.info\/wp-content\/uploads\/2026\/03\/Swimming-Pool-768x576.jpg 768w, https:\/\/andel.info\/wp-content\/uploads\/2026\/03\/Swimming-Pool-1536x1152.jpg 1536w, https:\/\/andel.info\/wp-content\/uploads\/2026\/03\/Swimming-Pool-16x12.jpg 16w, https:\/\/andel.info\/wp-content\/uploads\/2026\/03\/Swimming-Pool-100x75.jpg 100w, https:\/\/andel.info\/wp-content\/uploads\/2026\/03\/Swimming-Pool.jpg 1707w\" sizes=\"auto, (max-width: 1024px) 100vw, 1024px\" \/><\/a><figcaption class=\"wp-element-caption\">Opulenter Swimming Pool<\/figcaption><\/figure>\n\n\n\n<figure class=\"wp-block-image size-large\"><a href=\"https:\/\/andel.info\/wp-content\/uploads\/2026\/03\/Zugang-zu-den-Zimmern.jpg\"><img loading=\"lazy\" decoding=\"async\" width=\"1024\" height=\"768\" data-id=\"18574\" src=\"https:\/\/andel.info\/wp-content\/uploads\/2026\/03\/Zugang-zu-den-Zimmern-1024x768.jpg\" alt=\"Zugang zu den Zimmern\" class=\"wp-image-18574\" srcset=\"https:\/\/andel.info\/wp-content\/uploads\/2026\/03\/Zugang-zu-den-Zimmern-1024x768.jpg 1024w, https:\/\/andel.info\/wp-content\/uploads\/2026\/03\/Zugang-zu-den-Zimmern-300x225.jpg 300w, https:\/\/andel.info\/wp-content\/uploads\/2026\/03\/Zugang-zu-den-Zimmern-768x576.jpg 768w, https:\/\/andel.info\/wp-content\/uploads\/2026\/03\/Zugang-zu-den-Zimmern-1536x1152.jpg 1536w, https:\/\/andel.info\/wp-content\/uploads\/2026\/03\/Zugang-zu-den-Zimmern-16x12.jpg 16w, https:\/\/andel.info\/wp-content\/uploads\/2026\/03\/Zugang-zu-den-Zimmern-100x75.jpg 100w, https:\/\/andel.info\/wp-content\/uploads\/2026\/03\/Zugang-zu-den-Zimmern.jpg 1707w\" sizes=\"auto, (max-width: 1024px) 100vw, 1024px\" \/><\/a><figcaption class=\"wp-element-caption\">Zugang zu den Zimmern<\/figcaption><\/figure>\n<figcaption class=\"blocks-gallery-caption wp-element-caption\">Der Au\u00dfenbereich des Hotels am Tag<\/figcaption><\/figure>\n\n\n\n<p>Das Geb\u00e4ude, das schon ein Jahr vor Gr\u00fcndung der Stadt entstand, blieb bis vor kurzem seiner Funktion zur Verwaltung des Kanals verhaftet, wurde danach jedoch in ein komfortables Hotel umgebaut, das sich all jenen als willkommener Ort des R\u00fcckzugs anbietet, die entweder gesch\u00e4ftlich oder kulturell in der Region zu tun haben. Es liegt direkt neben dem w\u00e4hrend unseres Aufenthaltes offiziell noch nicht er\u00f6ffneten Kanalmuseums, das wir zwar bereits besuchen, dessen Ausstellungsobjekte wir jedoch noch nicht fotografieren durften. Soviel sei aber angemerkt: wer im Maxim de Lesseps absteigt, kann kaum von einem gr\u00f6\u00dferem Komfort profitieren als der Tatsache, dass das wesentliche Museum der Stadt direkt neben dem Hotel liegt. Das erinnert an das <a href=\"https:\/\/andel.info\/2025\/10\/30\/traumpalast-im-chaos\/\">Nile Ritz Carlton<\/a> (ehemals Nile Hilton) in Kairo, das in direkter Nachbarschaft des (alten) \u00c4gyptischen Museums liegt.<\/p>\n\n\n\n<figure class=\"wp-block-gallery aligncenter has-nested-images columns-2 is-cropped wp-block-gallery-2 is-layout-flex wp-block-gallery-is-layout-flex\">\n<figure class=\"wp-block-image size-large\"><a href=\"https:\/\/andel.info\/wp-content\/uploads\/2026\/03\/16.-Juli-1941.jpg\"><img loading=\"lazy\" decoding=\"async\" width=\"768\" height=\"1024\" data-id=\"18644\" src=\"https:\/\/andel.info\/wp-content\/uploads\/2026\/03\/16.-Juli-1941-768x1024.jpg\" alt=\"Der Zweite Weltkrieg machte auch vor Ismailia nicht Halt: Geschoss vom 16. Juli 1941 in einer Wand des Hotels\" class=\"wp-image-18644\" srcset=\"https:\/\/andel.info\/wp-content\/uploads\/2026\/03\/16.-Juli-1941-768x1024.jpg 768w, https:\/\/andel.info\/wp-content\/uploads\/2026\/03\/16.-Juli-1941-225x300.jpg 225w, https:\/\/andel.info\/wp-content\/uploads\/2026\/03\/16.-Juli-1941-1152x1536.jpg 1152w, https:\/\/andel.info\/wp-content\/uploads\/2026\/03\/16.-Juli-1941-9x12.jpg 9w, https:\/\/andel.info\/wp-content\/uploads\/2026\/03\/16.-Juli-1941.jpg 1280w\" sizes=\"auto, (max-width: 768px) 100vw, 768px\" \/><\/a><figcaption class=\"wp-element-caption\">Geschoss in einer Wand des Hotels<\/figcaption><\/figure>\n\n\n\n<figure class=\"wp-block-image size-large\"><a href=\"https:\/\/andel.info\/wp-content\/uploads\/2026\/03\/Hoteldirektor-des-Maxim-de-Lesseps.jpg\"><img loading=\"lazy\" decoding=\"async\" width=\"768\" height=\"1024\" data-id=\"18645\" src=\"https:\/\/andel.info\/wp-content\/uploads\/2026\/03\/Hoteldirektor-des-Maxim-de-Lesseps-768x1024.jpg\" alt=\"Der Direktor des Hauses\" class=\"wp-image-18645\" srcset=\"https:\/\/andel.info\/wp-content\/uploads\/2026\/03\/Hoteldirektor-des-Maxim-de-Lesseps-768x1024.jpg 768w, https:\/\/andel.info\/wp-content\/uploads\/2026\/03\/Hoteldirektor-des-Maxim-de-Lesseps-225x300.jpg 225w, https:\/\/andel.info\/wp-content\/uploads\/2026\/03\/Hoteldirektor-des-Maxim-de-Lesseps-1152x1536.jpg 1152w, https:\/\/andel.info\/wp-content\/uploads\/2026\/03\/Hoteldirektor-des-Maxim-de-Lesseps-9x12.jpg 9w, https:\/\/andel.info\/wp-content\/uploads\/2026\/03\/Hoteldirektor-des-Maxim-de-Lesseps.jpg 1280w\" sizes=\"auto, (max-width: 768px) 100vw, 768px\" \/><\/a><figcaption class=\"wp-element-caption\">Der Direktor des Hauses<\/figcaption><\/figure>\n\n\n\n<figure class=\"wp-block-image size-large\"><a href=\"https:\/\/andel.info\/wp-content\/uploads\/2026\/03\/Statue-Ferdinand-de-Lesseps.jpg\"><img loading=\"lazy\" decoding=\"async\" width=\"768\" height=\"1024\" data-id=\"18646\" src=\"https:\/\/andel.info\/wp-content\/uploads\/2026\/03\/Statue-Ferdinand-de-Lesseps-768x1024.jpg\" alt=\"Statue Ferdinand de Lesseps im benachbarten Museum\" class=\"wp-image-18646\" srcset=\"https:\/\/andel.info\/wp-content\/uploads\/2026\/03\/Statue-Ferdinand-de-Lesseps-768x1024.jpg 768w, https:\/\/andel.info\/wp-content\/uploads\/2026\/03\/Statue-Ferdinand-de-Lesseps-225x300.jpg 225w, https:\/\/andel.info\/wp-content\/uploads\/2026\/03\/Statue-Ferdinand-de-Lesseps-1152x1536.jpg 1152w, https:\/\/andel.info\/wp-content\/uploads\/2026\/03\/Statue-Ferdinand-de-Lesseps-9x12.jpg 9w, https:\/\/andel.info\/wp-content\/uploads\/2026\/03\/Statue-Ferdinand-de-Lesseps.jpg 1280w\" sizes=\"auto, (max-width: 768px) 100vw, 768px\" \/><\/a><figcaption class=\"wp-element-caption\">Statue de Lesseps im benachbarten Museum<\/figcaption><\/figure>\n\n\n\n<figure class=\"wp-block-image size-large\"><a href=\"https:\/\/andel.info\/wp-content\/uploads\/2026\/03\/Kindergerecht.jpg\"><img loading=\"lazy\" decoding=\"async\" width=\"768\" height=\"1024\" data-id=\"18647\" src=\"https:\/\/andel.info\/wp-content\/uploads\/2026\/03\/Kindergerecht-768x1024.jpg\" alt=\"De Lesseps dachte an seinen Nachwuchs: T\u00fcrgriffe in \" class=\"wp-image-18647\" srcset=\"https:\/\/andel.info\/wp-content\/uploads\/2026\/03\/Kindergerecht-768x1024.jpg 768w, https:\/\/andel.info\/wp-content\/uploads\/2026\/03\/Kindergerecht-225x300.jpg 225w, https:\/\/andel.info\/wp-content\/uploads\/2026\/03\/Kindergerecht-1152x1536.jpg 1152w, https:\/\/andel.info\/wp-content\/uploads\/2026\/03\/Kindergerecht-9x12.jpg 9w, https:\/\/andel.info\/wp-content\/uploads\/2026\/03\/Kindergerecht.jpg 1280w\" sizes=\"auto, (max-width: 768px) 100vw, 768px\" \/><\/a><figcaption class=\"wp-element-caption\">Kindergerechte T\u00fcrgriffe<\/figcaption><\/figure>\n<figcaption class=\"blocks-gallery-caption wp-element-caption\">Haus mit Geschichte: das Maxim de Lesseps<\/figcaption><\/figure>\n\n\n\n<p>Sichtlich stolz auf die perfekte Renovierung des ihm nun unterstellten Geb\u00e4udes sprach uns Direktor Alaa El-Ashry eines Abends (in Unkenntnis unserer publizistischen T\u00e4tigkeit) an und f\u00fchrte uns durch das Hotel, dessen Instandsetzung schon angesichts der nun selten gewordenen Materialien eine Herkulesarbeit war. Das zweigeschossige Haus mit Balkon wurde 1862 errichtet und 1902 um einen Ostfl\u00fcgel erweitert. Fr\u00fcher war zu dessen Besichtigung eine Genehmigung der Sueskanalbeh\u00f6rde n\u00f6tig, heute ist es ein Hotel. Nun bedarf es zwar keiner Genehmigung mehr, doch sind das Wohn- und Schlafzimmer sowie der Salon mit einer Schreibkommode de Lesseps nicht Bestandteil der \u00f6ffentlich zug\u00e4nglichen R\u00e4umlichkeiten und bleiben meist verschlossen.<\/p>\n\n\n\n<figure class=\"wp-block-gallery aligncenter has-nested-images columns-2 is-cropped wp-block-gallery-3 is-layout-flex wp-block-gallery-is-layout-flex\">\n<figure class=\"wp-block-image size-large\"><a href=\"https:\/\/andel.info\/wp-content\/uploads\/2026\/03\/Hauptgebaeude.jpg\"><img loading=\"lazy\" decoding=\"async\" width=\"1024\" height=\"576\" data-id=\"18564\" src=\"https:\/\/andel.info\/wp-content\/uploads\/2026\/03\/Hauptgebaeude-1024x576.jpg\" alt=\"Blick aus dem Garten auf das Hauptgeb\u00e4ude bei Nacht\" class=\"wp-image-18564\" srcset=\"https:\/\/andel.info\/wp-content\/uploads\/2026\/03\/Hauptgebaeude-1024x576.jpg 1024w, https:\/\/andel.info\/wp-content\/uploads\/2026\/03\/Hauptgebaeude-300x169.jpg 300w, https:\/\/andel.info\/wp-content\/uploads\/2026\/03\/Hauptgebaeude-768x432.jpg 768w, https:\/\/andel.info\/wp-content\/uploads\/2026\/03\/Hauptgebaeude-1536x864.jpg 1536w, https:\/\/andel.info\/wp-content\/uploads\/2026\/03\/Hauptgebaeude-18x10.jpg 18w, https:\/\/andel.info\/wp-content\/uploads\/2026\/03\/Hauptgebaeude.jpg 2000w\" sizes=\"auto, (max-width: 1024px) 100vw, 1024px\" \/><\/a><figcaption class=\"wp-element-caption\">Hauptgeb\u00e4ude bei Nacht<\/figcaption><\/figure>\n\n\n\n<figure class=\"wp-block-image size-large\"><a href=\"https:\/\/andel.info\/wp-content\/uploads\/2026\/03\/Traumhafter-Garten.jpg\"><img loading=\"lazy\" decoding=\"async\" width=\"1024\" height=\"576\" data-id=\"18565\" src=\"https:\/\/andel.info\/wp-content\/uploads\/2026\/03\/Traumhafter-Garten-1024x576.jpg\" alt=\"Ein traumhafter Garten wie selten in \u00c4gypten zu sehen\" class=\"wp-image-18565\" srcset=\"https:\/\/andel.info\/wp-content\/uploads\/2026\/03\/Traumhafter-Garten-1024x576.jpg 1024w, https:\/\/andel.info\/wp-content\/uploads\/2026\/03\/Traumhafter-Garten-300x169.jpg 300w, https:\/\/andel.info\/wp-content\/uploads\/2026\/03\/Traumhafter-Garten-768x432.jpg 768w, https:\/\/andel.info\/wp-content\/uploads\/2026\/03\/Traumhafter-Garten-1536x864.jpg 1536w, https:\/\/andel.info\/wp-content\/uploads\/2026\/03\/Traumhafter-Garten-18x10.jpg 18w, https:\/\/andel.info\/wp-content\/uploads\/2026\/03\/Traumhafter-Garten.jpg 2000w\" sizes=\"auto, (max-width: 1024px) 100vw, 1024px\" \/><\/a><figcaption class=\"wp-element-caption\">Traumhafter Garten<\/figcaption><\/figure>\n\n\n\n<figure class=\"wp-block-image size-large\"><a href=\"https:\/\/andel.info\/wp-content\/uploads\/2026\/03\/Naechtlicher-Spaziergang.jpg\"><img loading=\"lazy\" decoding=\"async\" width=\"1024\" height=\"576\" data-id=\"18566\" src=\"https:\/\/andel.info\/wp-content\/uploads\/2026\/03\/Naechtlicher-Spaziergang-1024x576.jpg\" alt=\"Sch\u00f6ne Spazierwege laden zu angenehmen Gespr\u00e4chen ein\" class=\"wp-image-18566\" srcset=\"https:\/\/andel.info\/wp-content\/uploads\/2026\/03\/Naechtlicher-Spaziergang-1024x576.jpg 1024w, https:\/\/andel.info\/wp-content\/uploads\/2026\/03\/Naechtlicher-Spaziergang-300x169.jpg 300w, https:\/\/andel.info\/wp-content\/uploads\/2026\/03\/Naechtlicher-Spaziergang-768x432.jpg 768w, https:\/\/andel.info\/wp-content\/uploads\/2026\/03\/Naechtlicher-Spaziergang-1536x864.jpg 1536w, https:\/\/andel.info\/wp-content\/uploads\/2026\/03\/Naechtlicher-Spaziergang-18x10.jpg 18w, https:\/\/andel.info\/wp-content\/uploads\/2026\/03\/Naechtlicher-Spaziergang.jpg 2000w\" sizes=\"auto, (max-width: 1024px) 100vw, 1024px\" \/><\/a><figcaption class=\"wp-element-caption\">Einladung zum n\u00e4chtlichen Spaziergang<\/figcaption><\/figure>\n\n\n\n<figure class=\"wp-block-image size-large\"><a href=\"https:\/\/andel.info\/wp-content\/uploads\/2026\/03\/Romantische-Arrangements.jpg\"><img loading=\"lazy\" decoding=\"async\" width=\"1024\" height=\"576\" data-id=\"18567\" src=\"https:\/\/andel.info\/wp-content\/uploads\/2026\/03\/Romantische-Arrangements-1024x576.jpg\" alt=\"Romantische Arrangements f\u00fcr allerlei Anl\u00e4sse\" class=\"wp-image-18567\" srcset=\"https:\/\/andel.info\/wp-content\/uploads\/2026\/03\/Romantische-Arrangements-1024x576.jpg 1024w, https:\/\/andel.info\/wp-content\/uploads\/2026\/03\/Romantische-Arrangements-300x169.jpg 300w, https:\/\/andel.info\/wp-content\/uploads\/2026\/03\/Romantische-Arrangements-768x432.jpg 768w, https:\/\/andel.info\/wp-content\/uploads\/2026\/03\/Romantische-Arrangements-1536x864.jpg 1536w, https:\/\/andel.info\/wp-content\/uploads\/2026\/03\/Romantische-Arrangements-18x10.jpg 18w, https:\/\/andel.info\/wp-content\/uploads\/2026\/03\/Romantische-Arrangements.jpg 2000w\" sizes=\"auto, (max-width: 1024px) 100vw, 1024px\" \/><\/a><figcaption class=\"wp-element-caption\">Romantische Arrangements<\/figcaption><\/figure>\n<figcaption class=\"blocks-gallery-caption wp-element-caption\">Bei Nacht sorgt eine ausgekl\u00fcgelte Beleuchtung f\u00fcr ein perfektes Ambiente<\/figcaption><\/figure>\n\n\n\n<p>Im Vergleich zu Kairo zwar nur im kleinen ist jedoch auch Ismailia eine sehr lebendige Stadt, die so schnell nicht schlafen geht. Wer aber im Maxim de Lesseps absteigt, kommt leicht zur Ruhe und kann im Innenhof von einer friedlichen Atmosph\u00e4re profitieren, die in \u00e4gyptischen St\u00e4dten eine Ausnahme darstellt. Umgeben von Palmen und einem kleinen aber ausgesprochen feinen Garten l\u00e4sst sich dort direkt an einem Swimming Pool ein angenehmes Gespr\u00e4ch f\u00fchren, das hervorragende Fr\u00fchst\u00fcck einnehmen oder auch nur bei frischer Luft ein Buch lesen, dann und wann unterbrochen von einem Sprung in den geheizten Pool. Die meisten Zimmer sind um den Innenhof herum angeordnet, sodass kaum ein Raum allzu weit davon entfernt ist. Lediglich die Suiten befinden sich im Haupthaus, was jedoch wiederum \u00fcber seine eigenen Vorteile verf\u00fcgt. So erlauben die ausgekl\u00fcgelten architektonischen Details, etwa die f\u00fcr das Spielzimmer der Kinder eigens niedriger angebrachten T\u00fcrgriffe, kleine Ausfl\u00fcge in die Vergangenheit des Alltags der Familie de Lesseps.<\/p>\n\n\n\n<figure class=\"wp-block-gallery aligncenter has-nested-images columns-2 is-cropped wp-block-gallery-4 is-layout-flex wp-block-gallery-is-layout-flex\">\n<figure class=\"wp-block-image size-large\"><a href=\"https:\/\/andel.info\/wp-content\/uploads\/2026\/03\/Auch-an-den-kleinen-Hunger-ist-gedacht.jpg\"><img loading=\"lazy\" decoding=\"async\" width=\"1024\" height=\"576\" data-id=\"18577\" src=\"https:\/\/andel.info\/wp-content\/uploads\/2026\/03\/Auch-an-den-kleinen-Hunger-ist-gedacht-1024x576.jpg\" alt=\"Kleine Pizzas f\u00fcr den kleinen Hunger\" class=\"wp-image-18577\" srcset=\"https:\/\/andel.info\/wp-content\/uploads\/2026\/03\/Auch-an-den-kleinen-Hunger-ist-gedacht-1024x576.jpg 1024w, https:\/\/andel.info\/wp-content\/uploads\/2026\/03\/Auch-an-den-kleinen-Hunger-ist-gedacht-300x169.jpg 300w, https:\/\/andel.info\/wp-content\/uploads\/2026\/03\/Auch-an-den-kleinen-Hunger-ist-gedacht-768x432.jpg 768w, https:\/\/andel.info\/wp-content\/uploads\/2026\/03\/Auch-an-den-kleinen-Hunger-ist-gedacht-1536x864.jpg 1536w, https:\/\/andel.info\/wp-content\/uploads\/2026\/03\/Auch-an-den-kleinen-Hunger-ist-gedacht-2048x1152.jpg 2048w, https:\/\/andel.info\/wp-content\/uploads\/2026\/03\/Auch-an-den-kleinen-Hunger-ist-gedacht-18x10.jpg 18w\" sizes=\"auto, (max-width: 1024px) 100vw, 1024px\" \/><\/a><figcaption class=\"wp-element-caption\">Auch an den kleinen Hunger ist gedacht<\/figcaption><\/figure>\n\n\n\n<figure class=\"wp-block-image size-large\"><a href=\"https:\/\/andel.info\/wp-content\/uploads\/2026\/03\/Beste-Zutaten.jpg\"><img loading=\"lazy\" decoding=\"async\" width=\"1024\" height=\"576\" data-id=\"18578\" src=\"https:\/\/andel.info\/wp-content\/uploads\/2026\/03\/Beste-Zutaten-1024x576.jpg\" alt=\"Die Frische der Zutaten wei\u00df zu beeindrucken\" class=\"wp-image-18578\" srcset=\"https:\/\/andel.info\/wp-content\/uploads\/2026\/03\/Beste-Zutaten-1024x576.jpg 1024w, https:\/\/andel.info\/wp-content\/uploads\/2026\/03\/Beste-Zutaten-300x169.jpg 300w, https:\/\/andel.info\/wp-content\/uploads\/2026\/03\/Beste-Zutaten-768x432.jpg 768w, https:\/\/andel.info\/wp-content\/uploads\/2026\/03\/Beste-Zutaten-1536x864.jpg 1536w, https:\/\/andel.info\/wp-content\/uploads\/2026\/03\/Beste-Zutaten-2048x1152.jpg 2048w, https:\/\/andel.info\/wp-content\/uploads\/2026\/03\/Beste-Zutaten-18x10.jpg 18w\" sizes=\"auto, (max-width: 1024px) 100vw, 1024px\" \/><\/a><figcaption class=\"wp-element-caption\">Beste Zutaten<\/figcaption><\/figure>\n\n\n\n<figure class=\"wp-block-image size-large\"><a href=\"https:\/\/andel.info\/wp-content\/uploads\/2026\/03\/Unvergessliches-Fruehstueck.jpg\"><img loading=\"lazy\" decoding=\"async\" width=\"1024\" height=\"576\" data-id=\"18579\" src=\"https:\/\/andel.info\/wp-content\/uploads\/2026\/03\/Unvergessliches-Fruehstueck-1024x576.jpg\" alt=\"Das typisch \u00e4gyptische Fr\u00fchst\u00fcck in seiner Maximalinterpretation\" class=\"wp-image-18579\" srcset=\"https:\/\/andel.info\/wp-content\/uploads\/2026\/03\/Unvergessliches-Fruehstueck-1024x576.jpg 1024w, https:\/\/andel.info\/wp-content\/uploads\/2026\/03\/Unvergessliches-Fruehstueck-300x169.jpg 300w, https:\/\/andel.info\/wp-content\/uploads\/2026\/03\/Unvergessliches-Fruehstueck-768x432.jpg 768w, https:\/\/andel.info\/wp-content\/uploads\/2026\/03\/Unvergessliches-Fruehstueck-1536x864.jpg 1536w, https:\/\/andel.info\/wp-content\/uploads\/2026\/03\/Unvergessliches-Fruehstueck-2048x1152.jpg 2048w, https:\/\/andel.info\/wp-content\/uploads\/2026\/03\/Unvergessliches-Fruehstueck-18x10.jpg 18w\" sizes=\"auto, (max-width: 1024px) 100vw, 1024px\" \/><\/a><figcaption class=\"wp-element-caption\">Liebevoll zubereitetes Fr\u00fchst\u00fcck<\/figcaption><\/figure>\n\n\n\n<figure class=\"wp-block-image size-large\"><a href=\"https:\/\/andel.info\/wp-content\/uploads\/2026\/03\/Drink-am-Abend.jpg\"><img loading=\"lazy\" decoding=\"async\" width=\"1024\" height=\"576\" data-id=\"18580\" src=\"https:\/\/andel.info\/wp-content\/uploads\/2026\/03\/Drink-am-Abend-1024x576.jpg\" alt=\"Ein Drink am Abend in einer absoluten Luxusumgebung\" class=\"wp-image-18580\" srcset=\"https:\/\/andel.info\/wp-content\/uploads\/2026\/03\/Drink-am-Abend-1024x576.jpg 1024w, https:\/\/andel.info\/wp-content\/uploads\/2026\/03\/Drink-am-Abend-300x169.jpg 300w, https:\/\/andel.info\/wp-content\/uploads\/2026\/03\/Drink-am-Abend-768x432.jpg 768w, https:\/\/andel.info\/wp-content\/uploads\/2026\/03\/Drink-am-Abend-1536x864.jpg 1536w, https:\/\/andel.info\/wp-content\/uploads\/2026\/03\/Drink-am-Abend-2048x1152.jpg 2048w, https:\/\/andel.info\/wp-content\/uploads\/2026\/03\/Drink-am-Abend-18x10.jpg 18w\" sizes=\"auto, (max-width: 1024px) 100vw, 1024px\" \/><\/a><figcaption class=\"wp-element-caption\">Drink am Abend<\/figcaption><\/figure>\n<figcaption class=\"blocks-gallery-caption wp-element-caption\">Die K\u00fcche ist von begr\u00fc\u00dfenswert unkompliziertem Charakter und hoher Qualit\u00e4t<\/figcaption><\/figure>\n\n\n\n<p>Nat\u00fcrlich verf\u00fcgt das Geb\u00e4ude neben dem \u201eEugenia\u201c-Terrassencaf\u00e9 auch \u00fcber ein geschlossenes Restaurant namens \u201eVersailles\u201c, das sich in einem ausgesprochen gro\u00dfen Raum mit etwa sechs Meter hohen Decken befindet, der fast an einen Ballsaal erinnert. Was uns besonders gefallen hat, waren die dort immer wieder anzutreffenden jungen Paare der Stadt, die einen Abend im Maxim de Lesseps als romantischen H\u00f6hepunkt verbrachten, um dort bei Kerzenlicht und passender Blumenpracht auf dem Tisch ein reichhaltiges Abendmahl zu genie\u00dfen. Die K\u00fcche des Hauses ist von hoher Qualit\u00e4t und bietet eine Auswahl willkommener Standards aus Orient und Okzident. Auch die Wahl des Fr\u00fchst\u00fccks bietet vertraute Optionen \u2013 zu unserer besonderen Freude \u00e0 la carte und nicht von einem Buffet, eine Unsitte, die seit mittlerweile f\u00fcnfzig Jahren zunehmend viele Hotels heimzusuchen scheint und abgeschafft werden sollte. Die Jagd nach unbekanntem Essen vom W\u00fchltisch steht im krassen Widerspruch zum Wunsch nach Erholung. Vielen Dank daf\u00fcr!<\/p>\n\n\n\n<figure class=\"wp-block-gallery aligncenter has-nested-images columns-2 is-cropped wp-block-gallery-5 is-layout-flex wp-block-gallery-is-layout-flex\">\n<figure class=\"wp-block-image size-large\"><a href=\"https:\/\/andel.info\/wp-content\/uploads\/2026\/03\/Prunk-vergangener-Tage.jpg\"><img loading=\"lazy\" decoding=\"async\" width=\"1024\" height=\"576\" data-id=\"18590\" src=\"https:\/\/andel.info\/wp-content\/uploads\/2026\/03\/Prunk-vergangener-Tage-1024x576.jpg\" alt=\"Der Prunk vergangener Tage: Flur im Eingangsbereich\" class=\"wp-image-18590\" srcset=\"https:\/\/andel.info\/wp-content\/uploads\/2026\/03\/Prunk-vergangener-Tage-1024x576.jpg 1024w, https:\/\/andel.info\/wp-content\/uploads\/2026\/03\/Prunk-vergangener-Tage-300x169.jpg 300w, https:\/\/andel.info\/wp-content\/uploads\/2026\/03\/Prunk-vergangener-Tage-768x432.jpg 768w, https:\/\/andel.info\/wp-content\/uploads\/2026\/03\/Prunk-vergangener-Tage-1536x864.jpg 1536w, https:\/\/andel.info\/wp-content\/uploads\/2026\/03\/Prunk-vergangener-Tage-2048x1152.jpg 2048w, https:\/\/andel.info\/wp-content\/uploads\/2026\/03\/Prunk-vergangener-Tage-18x10.jpg 18w\" sizes=\"auto, (max-width: 1024px) 100vw, 1024px\" \/><\/a><figcaption class=\"wp-element-caption\">Prunk vergangener Tage<\/figcaption><\/figure>\n\n\n\n<figure class=\"wp-block-image size-large\"><a href=\"https:\/\/andel.info\/wp-content\/uploads\/2026\/03\/Geselligkeit-im-Luxus.jpg\"><img loading=\"lazy\" decoding=\"async\" width=\"1024\" height=\"576\" data-id=\"18584\" src=\"https:\/\/andel.info\/wp-content\/uploads\/2026\/03\/Geselligkeit-im-Luxus-1024x576.jpg\" alt=\"Sitzgelegenheit mit sorgf\u00e4ltig arrangierten Kissen: Geselligkeit im Luxus\" class=\"wp-image-18584\" srcset=\"https:\/\/andel.info\/wp-content\/uploads\/2026\/03\/Geselligkeit-im-Luxus-1024x576.jpg 1024w, https:\/\/andel.info\/wp-content\/uploads\/2026\/03\/Geselligkeit-im-Luxus-300x169.jpg 300w, https:\/\/andel.info\/wp-content\/uploads\/2026\/03\/Geselligkeit-im-Luxus-768x432.jpg 768w, https:\/\/andel.info\/wp-content\/uploads\/2026\/03\/Geselligkeit-im-Luxus-1536x864.jpg 1536w, https:\/\/andel.info\/wp-content\/uploads\/2026\/03\/Geselligkeit-im-Luxus-2048x1152.jpg 2048w, https:\/\/andel.info\/wp-content\/uploads\/2026\/03\/Geselligkeit-im-Luxus-18x10.jpg 18w\" sizes=\"auto, (max-width: 1024px) 100vw, 1024px\" \/><\/a><figcaption class=\"wp-element-caption\">Geselligkeit im Luxus<\/figcaption><\/figure>\n\n\n\n<figure class=\"wp-block-image size-large\"><a href=\"https:\/\/andel.info\/wp-content\/uploads\/2026\/03\/Beeindruckender-Speisesaal.jpg\"><img loading=\"lazy\" decoding=\"async\" width=\"1024\" height=\"576\" data-id=\"18586\" src=\"https:\/\/andel.info\/wp-content\/uploads\/2026\/03\/Beeindruckender-Speisesaal-1024x576.jpg\" alt=\"Der beeindruckende Speisesaal mit sechs Meter hoher Decke\" class=\"wp-image-18586\" srcset=\"https:\/\/andel.info\/wp-content\/uploads\/2026\/03\/Beeindruckender-Speisesaal-1024x576.jpg 1024w, https:\/\/andel.info\/wp-content\/uploads\/2026\/03\/Beeindruckender-Speisesaal-300x169.jpg 300w, https:\/\/andel.info\/wp-content\/uploads\/2026\/03\/Beeindruckender-Speisesaal-768x432.jpg 768w, https:\/\/andel.info\/wp-content\/uploads\/2026\/03\/Beeindruckender-Speisesaal-1536x864.jpg 1536w, https:\/\/andel.info\/wp-content\/uploads\/2026\/03\/Beeindruckender-Speisesaal-2048x1152.jpg 2048w, https:\/\/andel.info\/wp-content\/uploads\/2026\/03\/Beeindruckender-Speisesaal-18x10.jpg 18w\" sizes=\"auto, (max-width: 1024px) 100vw, 1024px\" \/><\/a><figcaption class=\"wp-element-caption\">Beeindruckender Speisesaal<\/figcaption><\/figure>\n\n\n\n<figure class=\"wp-block-image size-large\"><a href=\"https:\/\/andel.info\/wp-content\/uploads\/2026\/03\/Koerperertuechtigung.jpg\"><img loading=\"lazy\" decoding=\"async\" width=\"1024\" height=\"576\" data-id=\"18587\" src=\"https:\/\/andel.info\/wp-content\/uploads\/2026\/03\/Koerperertuechtigung-1024x576.jpg\" alt=\"Auch an die K\u00f6rperert\u00fcchtigung ist gedacht: der Fitnessraum\" class=\"wp-image-18587\" srcset=\"https:\/\/andel.info\/wp-content\/uploads\/2026\/03\/Koerperertuechtigung-1024x576.jpg 1024w, https:\/\/andel.info\/wp-content\/uploads\/2026\/03\/Koerperertuechtigung-300x169.jpg 300w, https:\/\/andel.info\/wp-content\/uploads\/2026\/03\/Koerperertuechtigung-768x432.jpg 768w, https:\/\/andel.info\/wp-content\/uploads\/2026\/03\/Koerperertuechtigung-1536x864.jpg 1536w, https:\/\/andel.info\/wp-content\/uploads\/2026\/03\/Koerperertuechtigung-2048x1152.jpg 2048w, https:\/\/andel.info\/wp-content\/uploads\/2026\/03\/Koerperertuechtigung-18x10.jpg 18w\" sizes=\"auto, (max-width: 1024px) 100vw, 1024px\" \/><\/a><figcaption class=\"wp-element-caption\">K\u00f6rperert\u00fcchtigung<\/figcaption><\/figure>\n<figcaption class=\"blocks-gallery-caption wp-element-caption\">Gelungene Kombination aus alt und neu<\/figcaption><\/figure>\n\n\n\n<p>Die G\u00e4stezimmer um den Innenhof herum sind bestens ausgestattet, das drahtlose Internet funktioniert einwandfrei und erm\u00f6glicht auch Videokonferenzen mit einem h\u00f6heren Bedarf an Bandbreite. Ein gro\u00dfer Fernseher, ein opulenter Empfangsraum und ein nicht minder r\u00e4umlich gro\u00dfes wie komfortables Bad mit dem Stil des Hauses angepassten Armaturen f\u00fchren zu einem sehr angenehmen Gesamteindruck. Das Maxim de Lesseps bietet wie auch die staatliche \u00e4gyptische Fluggesellschaft EgyptAir leider keine alkoholischen Getr\u00e4nke an, was angesichts der hohen \u00e4gyptischen Z\u00f6lle zwar nicht \u00fcberrascht, aufgrund der durchaus trinkbaren \u00e4gyptischen Weine jedoch entt\u00e4uscht. Hier muss aber angemerkt werden, dass die Auswahl an alkoholfreien Cocktails (neudeutsch Mocktails) ausgezeichnet ist, obgleich sich diese nat\u00fcrlich auf andere Weise trinken und daher weniger als Stimulans f\u00fcr ein anregendes Gespr\u00e4ch dienlich sein k\u00f6nnen.<\/p>\n\n\n\n<blockquote class=\"wp-block-quote is-layout-flow wp-block-quote-is-layout-flow\">\n<p><em>Wir werden mit Rosenwasser besprengt; das ist die Zeremonie vor dem Essen. [\u2026] Wir halten uns an die Vorschrift des Propheten; es gibt keinen Wein, und wir begn\u00fcgen uns mit ausgezeichnetem Wasser, auf dem Eisst\u00fccke schwimmen.<\/em><\/p>\n<cite>Aus <em><a href=\"https:\/\/gallica.bnf.fr\/ark:\/12148\/bpt6k86302759\/f28.item.texteImage\" target=\"_blank\" rel=\"noreferrer noopener\">Souvenirs de quarante ans d\u00e9di\u00e9s \u00e0 mes enfants<\/a><\/em> (Erinnerungen von vierzig Jahren, meinen Kindern gewidmet), Seite 20, von Ferdinand de Lesseps, 1887<\/cite><\/blockquote>\n\n\n\n<figure class=\"wp-block-gallery aligncenter has-nested-images columns-2 is-cropped wp-block-gallery-6 is-layout-flex wp-block-gallery-is-layout-flex\">\n<figure class=\"wp-block-image size-large\"><a href=\"https:\/\/andel.info\/wp-content\/uploads\/2026\/03\/Empfangsraum.jpg\"><img loading=\"lazy\" decoding=\"async\" width=\"1024\" height=\"576\" data-id=\"18592\" src=\"https:\/\/andel.info\/wp-content\/uploads\/2026\/03\/Empfangsraum-1024x576.jpg\" alt=\"Die R\u00e4umlichkeiten verf\u00fcgen je \u00fcber einen Empfangsraum, einen f\u00fcr die Garderobe, ein Bade- und ein Schlafzimmer\" class=\"wp-image-18592\" srcset=\"https:\/\/andel.info\/wp-content\/uploads\/2026\/03\/Empfangsraum-1024x576.jpg 1024w, https:\/\/andel.info\/wp-content\/uploads\/2026\/03\/Empfangsraum-300x169.jpg 300w, https:\/\/andel.info\/wp-content\/uploads\/2026\/03\/Empfangsraum-768x432.jpg 768w, https:\/\/andel.info\/wp-content\/uploads\/2026\/03\/Empfangsraum-1536x864.jpg 1536w, https:\/\/andel.info\/wp-content\/uploads\/2026\/03\/Empfangsraum-2048x1152.jpg 2048w, https:\/\/andel.info\/wp-content\/uploads\/2026\/03\/Empfangsraum-18x10.jpg 18w\" sizes=\"auto, (max-width: 1024px) 100vw, 1024px\" \/><\/a><figcaption class=\"wp-element-caption\">Empfangsraum<\/figcaption><\/figure>\n\n\n\n<figure class=\"wp-block-image size-large\"><a href=\"https:\/\/andel.info\/wp-content\/uploads\/2026\/03\/Adaequate-Armaturen.jpg\"><img loading=\"lazy\" decoding=\"async\" width=\"1024\" height=\"576\" data-id=\"18593\" src=\"https:\/\/andel.info\/wp-content\/uploads\/2026\/03\/Adaequate-Armaturen-1024x576.jpg\" alt=\"Die Auswahl der Armaturen im Badezimmer folgen den Stilvorgaben des Hauses\" class=\"wp-image-18593\" srcset=\"https:\/\/andel.info\/wp-content\/uploads\/2026\/03\/Adaequate-Armaturen-1024x576.jpg 1024w, https:\/\/andel.info\/wp-content\/uploads\/2026\/03\/Adaequate-Armaturen-300x169.jpg 300w, https:\/\/andel.info\/wp-content\/uploads\/2026\/03\/Adaequate-Armaturen-768x432.jpg 768w, https:\/\/andel.info\/wp-content\/uploads\/2026\/03\/Adaequate-Armaturen-1536x864.jpg 1536w, https:\/\/andel.info\/wp-content\/uploads\/2026\/03\/Adaequate-Armaturen-2048x1152.jpg 2048w, https:\/\/andel.info\/wp-content\/uploads\/2026\/03\/Adaequate-Armaturen-18x10.jpg 18w\" sizes=\"auto, (max-width: 1024px) 100vw, 1024px\" \/><\/a><figcaption class=\"wp-element-caption\">Ad\u00e4quate Armaturen<\/figcaption><\/figure>\n\n\n\n<figure class=\"wp-block-image size-large\"><a href=\"https:\/\/andel.info\/wp-content\/uploads\/2026\/03\/Begehbare-Dusche.jpg\"><img loading=\"lazy\" decoding=\"async\" width=\"1024\" height=\"576\" data-id=\"18594\" src=\"https:\/\/andel.info\/wp-content\/uploads\/2026\/03\/Begehbare-Dusche-1024x576.jpg\" alt=\"Die Dusche ist zwar modern begehbar, folgt aber ebenfalls den Stilvorgaben\" class=\"wp-image-18594\" srcset=\"https:\/\/andel.info\/wp-content\/uploads\/2026\/03\/Begehbare-Dusche-1024x576.jpg 1024w, https:\/\/andel.info\/wp-content\/uploads\/2026\/03\/Begehbare-Dusche-300x169.jpg 300w, https:\/\/andel.info\/wp-content\/uploads\/2026\/03\/Begehbare-Dusche-768x432.jpg 768w, https:\/\/andel.info\/wp-content\/uploads\/2026\/03\/Begehbare-Dusche-1536x864.jpg 1536w, https:\/\/andel.info\/wp-content\/uploads\/2026\/03\/Begehbare-Dusche-2048x1152.jpg 2048w, https:\/\/andel.info\/wp-content\/uploads\/2026\/03\/Begehbare-Dusche-18x10.jpg 18w\" sizes=\"auto, (max-width: 1024px) 100vw, 1024px\" \/><\/a><figcaption class=\"wp-element-caption\">Begehbare Dusche<\/figcaption><\/figure>\n\n\n\n<figure class=\"wp-block-image size-large\"><a href=\"https:\/\/andel.info\/wp-content\/uploads\/2026\/03\/Grosszuegiges-Schlafzimmer.jpg\"><img loading=\"lazy\" decoding=\"async\" width=\"1024\" height=\"576\" data-id=\"18595\" src=\"https:\/\/andel.info\/wp-content\/uploads\/2026\/03\/Grosszuegiges-Schlafzimmer-1024x576.jpg\" alt=\"Das Schlafzimmer ist gro\u00dfz\u00fcgig und klimatisiert\" class=\"wp-image-18595\" srcset=\"https:\/\/andel.info\/wp-content\/uploads\/2026\/03\/Grosszuegiges-Schlafzimmer-1024x576.jpg 1024w, https:\/\/andel.info\/wp-content\/uploads\/2026\/03\/Grosszuegiges-Schlafzimmer-300x169.jpg 300w, https:\/\/andel.info\/wp-content\/uploads\/2026\/03\/Grosszuegiges-Schlafzimmer-768x432.jpg 768w, https:\/\/andel.info\/wp-content\/uploads\/2026\/03\/Grosszuegiges-Schlafzimmer-1536x864.jpg 1536w, https:\/\/andel.info\/wp-content\/uploads\/2026\/03\/Grosszuegiges-Schlafzimmer-2048x1152.jpg 2048w, https:\/\/andel.info\/wp-content\/uploads\/2026\/03\/Grosszuegiges-Schlafzimmer-18x10.jpg 18w\" sizes=\"auto, (max-width: 1024px) 100vw, 1024px\" \/><\/a><figcaption class=\"wp-element-caption\">Gro\u00dfz\u00fcgiges Schlafzimmer<\/figcaption><\/figure>\n<figcaption class=\"blocks-gallery-caption wp-element-caption\">Die R\u00e4umlichkeiten der G\u00e4ste folgen den Stilvorgaben des Hauses<\/figcaption><\/figure>\n\n\n\n<p>Alles in allem haben wir unseren Aufenthalt im <a href=\"https:\/\/maisonmaximdelesseps.com\" target=\"_blank\" rel=\"noreferrer noopener\">Maxim de Lesseps<\/a> genossen und kehrten nach jedem Ausflug ins Umland mit gro\u00dfer Begeisterung zur\u00fcck, was nicht zuletzt am besonders zuvorkommenden und kommunikativen Personal lag. Das zentral gelegene Haus hat mit seinen 27 Zimmern f\u00fcr die Bedeutung der vergleichsweise kleinen Stadt genau die richtige Gr\u00f6\u00dfe und f\u00fcgt sich angesichts seines privaten Charakters diskret in die Nachbarschaft ein \u2013 von au\u00dfen ist es kaum als Hotel zu erkennen. Architektonisch steht es im v\u00f6lligen Gegensatz zu traditionellen Hotels des Nahen Ostens, wie etwa dem mittlerweile seinem tragischen Schicksal \u00fcberlassenen <a href=\"https:\/\/en.wikipedia.org\/wiki\/Baron_Hotel\" target=\"_blank\" rel=\"noreferrer noopener\">Le Baron<\/a> in Aleppo (Syrien) und pflegt einen v\u00f6llig eigenst\u00e4ndigen, fast tropisch anmutenden Stil.<\/p>\n\n\n\n<p>W\u00e4hrend die ideale Reisezeit der Sp\u00e4therbst und die Wintermonate sind, ist insbesondere Freunden von Mangos anzuraten, bereits im hei\u00dferen September oder Oktober anzureisen. \u00c4gypten geh\u00f6rt zu den <a href=\"https:\/\/de.wikipedia.org\/wiki\/Mango#Wirtschaftliche_Bedeutung\" target=\"_blank\" rel=\"noreferrer noopener\">zehn gr\u00f6\u00dften<\/a> Mango-Produzenten der Welt und Ismailia ist f\u00fcr seine Fr\u00fcchte ber\u00fchmt, die es nur in diesen beiden Monaten frisch an jeder Stra\u00dfenecke zu kaufen gibt, w\u00e4hrend sie den Rest des Jahres \u00fcber aus K\u00fchlh\u00e4usern stammen.<\/p>\n\n\n\n<p>Reisende, die die Gelegenheit zu sch\u00e4tzen wissen, an einem geschichtstr\u00e4chtigen Ort zu \u00fcbernachten und den Wert eines abendlichen Gespr\u00e4chs in traumhafter Umgebung \u00fcber die Reize eines touristisch gr\u00f6\u00dftm\u00f6glich ausgeschlachteten und \u00fcberlaufenen Badeortes mit all seinen zunehmend abschreckenden Begleiterscheinungen stellen, finden im ehemaligen Privathaus des Sueskanalgr\u00fcnders ihre Erf\u00fcllung. Es wird sicher nicht unser letzter Aufenthalt sein.<\/p>\n\n\n\n<p><em>David Andel<\/em><\/p>\n","protected":false},"excerpt":{"rendered":"<p>Warum ausgerechnet Sues, Port Said oder Ismailia? Diese Frage h\u00f6rt der abseits der Trampelpfade verkehrende Reisende immer wieder. Wie so oft liegt eine Verwechslung vor, denn ein Reisender ist kein Tourist. \u201eTouristen denken ans Abreisen, sobald sie ankommen. Reisende dagegen kehren vielleicht gar nicht zur\u00fcck.\u201c hei\u00dft es in Bertoluccis Himmel<\/p>","protected":false},"author":2,"featured_media":18570,"comment_status":"closed","ping_status":"open","sticky":false,"template":"","format":"standard","meta":{"footnotes":""},"categories":[3,24],"tags":[1224,1223,1225,792,11,1226],"class_list":["post-18546","post","type-post","status-publish","format-standard","has-post-thumbnail","hentry","category-nahost","category-reisen","tag-alaa-el-ashry","tag-bernard-arnault","tag-claude-francois","tag-ferdinand-de-lesseps","tag-gamal-abdel-nasser","tag-louis-chedid"],"_links":{"self":[{"href":"https:\/\/andel.info\/fr\/wp-json\/wp\/v2\/posts\/18546","targetHints":{"allow":["GET"]}}],"collection":[{"href":"https:\/\/andel.info\/fr\/wp-json\/wp\/v2\/posts"}],"about":[{"href":"https:\/\/andel.info\/fr\/wp-json\/wp\/v2\/types\/post"}],"author":[{"embeddable":true,"href":"https:\/\/andel.info\/fr\/wp-json\/wp\/v2\/users\/2"}],"replies":[{"embeddable":true,"href":"https:\/\/andel.info\/fr\/wp-json\/wp\/v2\/comments?post=18546"}],"version-history":[{"count":116,"href":"https:\/\/andel.info\/fr\/wp-json\/wp\/v2\/posts\/18546\/revisions"}],"predecessor-version":[{"id":18719,"href":"https:\/\/andel.info\/fr\/wp-json\/wp\/v2\/posts\/18546\/revisions\/18719"}],"wp:featuredmedia":[{"embeddable":true,"href":"https:\/\/andel.info\/fr\/wp-json\/wp\/v2\/media\/18570"}],"wp:attachment":[{"href":"https:\/\/andel.info\/fr\/wp-json\/wp\/v2\/media?parent=18546"}],"wp:term":[{"taxonomy":"category","embeddable":true,"href":"https:\/\/andel.info\/fr\/wp-json\/wp\/v2\/categories?post=18546"},{"taxonomy":"post_tag","embeddable":true,"href":"https:\/\/andel.info\/fr\/wp-json\/wp\/v2\/tags?post=18546"}],"curies":[{"name":"wp","href":"https:\/\/api.w.org\/{rel}","templated":true}]}}