{"id":17302,"date":"2026-01-27T15:03:46","date_gmt":"2026-01-27T14:03:46","guid":{"rendered":"https:\/\/andel.info\/?p=17302"},"modified":"2026-04-04T16:35:20","modified_gmt":"2026-04-04T14:35:20","slug":"denn-sie-wissen-nicht-was-sie-tun","status":"publish","type":"post","link":"https:\/\/andel.info\/fr\/2026\/01\/27\/denn-sie-wissen-nicht-was-sie-tun\/","title":{"rendered":"Car ils ne savent pas ce qu'ils font"},"content":{"rendered":"\n<p class=\"has-light-gray-background-color has-background\"><em>W\u00e4hrend die US-amerikanische Immobilienoligarchie das, was vom Westen noch \u00fcbrig ist, gerade hinfort regiert, verharren die Europ\u00e4er im Phrasendreschen zwischen dem Ruf nach mehr Fachkr\u00e4ften, l\u00e4ngeren Arbeitszeiten, Sanktionen gegen unliebsame Meinungen sowie aggressivem Zionismus und Ruin Russlands als Staatsr\u00e4son. Wie das alles enden wird, ist leicht vorstellbar.<\/em><\/p>\n\n\n\n<p class=\"has-drop-cap\">Der unabl\u00e4ssige <a href=\"https:\/\/de.wikipedia.org\/wiki\/Catfight\" target=\"_blank\" rel=\"noreferrer noopener\">Catfight<\/a> zwischen den zwielichtigen Gestalten der&nbsp;<a href=\"https:\/\/www.berliner-zeitung.de\/politik-gesellschaft\/geopolitik\/eu-machtkampf-kallas-von-der-leyen-diktatorin-li.10015921\" target=\"_blank\" rel=\"noreferrer noopener\">EU-Au\u00dfenbeauftragten und der EU-Kommissionspr\u00e4sidentin<\/a>, ein unter dem Liebesentzug der USA leidender ehemaliger Blackrock-Manager als deutscher Bundeskanzler, ein von sich selbst faszinierter Westentaschen-Macho im \u00c9lys\u00e9e-Palast, ein farbloser Pantoffelcharismatiker in der Downing Street, allerlei Don Quijotes im Kampf gegen die Windm\u00fchlen der \u00dcberfremdung in einem erstarkenden Rechtsau\u00dfen-Europa sowie aggressive, kopflose, verlorene oder nestbeschmutzende Transatlantiker allerorten pr\u00e4gen das Bild des heutigen Westens. Sie allesamt eint, sich auf Rezepturen vergangener Tage zu berufen, selbst nach unz\u00e4hligen Desastern weiterhin auf diesen zu beharren und auch angesichts deutlich sichtbarer Risse im Fundament ihres Weltbilds ihre Anstrengungen so extrem zu verst\u00e4rken, dass schon beim kleinsten Versuch der Umkehr oder auch nur des Einhalts der Zusammenbruch von allem zu bef\u00fcrchten ist.<\/p>\n\n\n\n<blockquote class=\"wp-block-quote is-layout-flow wp-block-quote-is-layout-flow\">\n<p><em>1945 haben die Vereinigten Staaten entschieden, sie werden zu einer europ\u00e4ischen Macht, obwohl sie ein paar tausend Kilometer entfernt sind. Weil sie verhindern wollten, dass in Europa der Dritte Weltkrieg ausbricht. Weil sie nicht schon wieder ihre Soldaten in den Krieg schicken wollten, haben sie gesagt, wir werden zu einer europ\u00e4ischen Macht. America in, Russians out, Germans down. [Amerika rein, Russland raus, Deutschland runter] Und um Germans down hinzukriegen, wurden zwei Institutionen erfunden: die eine nennen wir heute Europ\u00e4ische Union und die andere NATO.<\/em><\/p>\n<cite><a href=\"https:\/\/www.atlantik-bruecke.org\/sigmar-gabriel-neuer-vorsitzender\/\" target=\"_blank\" rel=\"noreferrer noopener\">Sigmar Gabriel<\/a> (SPD), Vorsitzender der Atlantikbr\u00fccke am <a href=\"https:\/\/auf1.tv\/eilt\/darf-er-das-sagen-eu-und-nato-erfunden-um-deutschland-am-boden-zu-halten\" target=\"_blank\" rel=\"noreferrer noopener\">6. Januar 2026<\/a> in der ARD<\/cite><\/blockquote>\n\n\n\n<p>Es ist einerseits zwar sch\u00f6n, dass solch wesentliche Erkenntnisse nun auch die SPD erreicht haben. Anderseits stehen wir weiterhin unter dem Fluch US-amerikanischer Neokonservativer und sind selbst nach deren vor\u00fcbergehender Entmachtung gehalten, jedes NATO-Spektakel und jeden transatlantischen Schattenkrieg mitzumachen \u2013 bis s\u00e4mtliche EU-Wirtschaften zugunsten der USA ruiniert sind. Der Geist des EU- und NATO-Feindes, der Israel hasst, Russland liebt und die USA f\u00fcrchtet, soll dazu ausgetrieben, alle Vertreter nicht konformer Medien umerzogen, gesammelt ans Hungertuch, hinter Gitter oder an den Pranger gezwungen werden, um dann die propagandistisch optimierten B\u00fcrger freudig strahlend in den Krieg gen Russland entsenden zu k\u00f6nnen.<\/p>\n\n\n\n<blockquote class=\"wp-block-quote is-layout-flow wp-block-quote-is-layout-flow\">\n<p><em>Am Montagmorgen gab Starmer dann eine Dringlichkeitspressekonferenz in der Downing Street. Das war Keir in seiner ernsthaftesten Rolle. Und um ehrlich zu sein, ist er besser darin, ernst zu sein, als charismatisch und mitrei\u00dfend. Das war Keir aus seiner Vergangenheit als Anwalt. Er erkl\u00e4rte einem Mandanten, warum er seine Berufung gegen das Todesurteil verloren hatte. N\u00e4chster Halt: eine Phase als Bestatter. \u201eMein herzliches Beileid zu Ihrem Verlust.\u201c<\/em><\/p>\n<cite><a href=\"https:\/\/andel.info\/2025\/05\/01\/wir-sind-die-roboter\/\">John Crace<\/a> am <a href=\"https:\/\/www.theguardian.com\/politics\/2026\/jan\/19\/starmer-calm-diplomacy-mistake-trump-sentient-being\" target=\"_blank\" rel=\"noreferrer noopener\">19. Januar 2026<\/a> \u00fcber Keir Starmers Unf\u00e4higkeit, auf Trump auch nur zu reagieren<\/cite><\/blockquote>\n\n\n\n<p>Wenn einer irren Erscheinung wie Trump nichts mehr entgegenzusetzen ist, gleichzeitig aber an den revanchistischen <a href=\"https:\/\/andel.info\/2023\/06\/29\/exemplum-stultitiae\/#transatlantische-tristesse\">Brzezi\u0144ski-Strategien<\/a> der US-Vorg\u00e4ngerregierungen zur Isolation Russlands festgehalten wird, dann ist das Hauptproblem nicht der externe Feind, sondern das eigene Feindbild. Brzezi\u0144ski ist tot, der Neokonservatismus zum wiederholten Male gescheitert und die heutigen USA abgewirtschaftet und unberechenbar. Ihnen weiterhin folgen und deren vergangene Feindbilder bek\u00e4mpfen zu wollen, dient nicht der St\u00e4rkung des europ\u00e4ischen Selbstbewusstseins oder der F\u00f6rderung einer ideen- wie kraftlos vor sich hinsiechenden europ\u00e4ischen Wirtschaft. Die unab\u00e4nderlich korrupte und nationalistisch verkommene Ukraine mit weiteren Geldmassen im Glauben zu halten, dass Russland eines Tages zum neokonservativen Selbstbedienungsladen wird, an der sich der verrottete Westen gesammelt gesundsto\u00dfen kann, ist nurmehr verantwortungslos und verlogen.<\/p>\n\n\n\n<blockquote class=\"wp-block-quote is-layout-flow wp-block-quote-is-layout-flow\">\n<p><em>Ein gl\u00fccklicher Vasall zu sein ist eine Sache. Ein ungl\u00fccklicher Sklave zu sein ist etwas anderes.<\/em><\/p>\n<cite>Der belgische Premierminister Bart de Wever am <a href=\"https:\/\/www.youtube.com\/watch?v=ieah2T0JP5M\" target=\"_blank\" rel=\"noreferrer noopener\">21. Januar 2026<\/a> zur Lage der Europ\u00e4er<\/cite><\/blockquote>\n\n\n\n<p>Die gewaltigen finanziellen Aufwendungen f\u00fcr die Ukraine sowie die ausufernde Militarisierung Europas werden f\u00fcr die EU und deren B\u00fcrger sinnlos verpuffen. Diesen festzustellenden Wohlstandsverlust mit Austerit\u00e4t wettmachen zu wollen, ist sch\u00e4big. Wenn es einen derartigen Fachkr\u00e4ftemangel gibt, dass selbst nach jahrzehntelangen Gestaltungsm\u00f6glichkeiten vor allem CDU-gef\u00fchrter Regierungen nichts anderes als Klagen dar\u00fcber zu vernehmen sind, dann ist es an der Zeit, das kapitalistische Prinzip von Angebot und Nachfrage zu praktizieren und seltene Spezialisten h\u00f6her zu entlohnen. Und wenn es seit Jahrzehnten hei\u00dft, dass <a href=\"https:\/\/www.welt.de\/print-welt\/article241153\/Faule-Republik-Deutschland.html\" target=\"_blank\" rel=\"noreferrer noopener\">mehr gearbeitet werden m\u00fcsse<\/a>, dann doch bitte mit der Angabe, mit welchem Ziel, abgesehen von einer immer gr\u00f6\u00dferen Bereicherung stets kleiner werdender Gruppen. So aber der einzig noch politisch vorstellbare soziale, technologische und wirtschaftliche Anreiz nurmehr innovativ unfruchtbare \u201eKriegswirtschaft\u201c lautet, dann ist die Zeit f\u00fcr jene Menschen gekommen, die unver\u00e4ndert auf die Macht der Kreativit\u00e4t und Neuerung setzen, sich an Orte zu begeben, wo der d\u00fcstere Drang nach nationalem Mord und Totschlag niedriger ist.<\/p>\n\n\n\n<blockquote class=\"wp-block-quote is-layout-flow wp-block-quote-is-layout-flow\">\n<p><em>Wir haben in Deutschland im Durchschnitt sechs Wochen Urlaub und zw\u00f6lf Feiertage pro Jahr. Bei der w\u00f6chentlichen Arbeitszeit liegen wir gleichzeitig mit durchschnittlich 37,5 Stunden niedriger als alle unsere Konkurrenten. Wir k\u00f6nnen die Zukunft nicht dadurch sichern, das wir unser Land als kollektiven Freizeitpark organisieren.<\/em><\/p>\n<cite>Bundeskanzler Helmut Kohl am <a href=\"https:\/\/www.welt.de\/print-welt\/article241153\/Faule-Republik-Deutschland.html\" target=\"_blank\" rel=\"noreferrer noopener\">21. Oktober 1993<\/a><\/cite><\/blockquote>\n\n\n\n<p>Der Anstieg der Lebensqualit\u00e4t muss herausragende Stimulanz eines jeden gemeinschaftlichen Systems sein, das Gegenteil wird scheitern. Angesichts der politisch gewollten Anh\u00e4ufung von Schulden zugunsten geostrategischer Phantasien kann es nicht angehen, die EU-Bev\u00f6lkerungen nun zur Kasse zu bitten. Die begangenen Fehler zum wirtschaftlichen Abstieg sind politischer Natur, das <a href=\"https:\/\/www.nim.org\/konsumklima\/detail-konsumklima\/konsumklima-enttaeuschender-ausblick-fuer-das-jahr-2026\" target=\"_blank\" rel=\"noreferrer noopener\">Konsumklima desastr\u00f6s<\/a>. Unsere Volksvertreter vermitteln zwar den Eindruck, immer bestens informiert zu sein und die einzig richtigen Entscheidungen treffen zu k\u00f6nnen. Die Realit\u00e4t jedoch ist anders, denn sie glauben nur an eine selbst definierte Wirklichkeit, in der Russland das Zeitliche segnet, die USA zur transatlantischen Freundschaft zur\u00fcckfinden und Israel als Flugzeugtr\u00e4ger des Westens den Nahen Osten beherrscht. Eine einmal eingeschlagene Richtung ist aber keine Strategie und ein unbedingter Wille keine werdende Wirklichkeit.<\/p>\n\n\n\n<p><em>David Andel<\/em><\/p>\n","protected":false},"excerpt":{"rendered":"<p>W\u00e4hrend die US-amerikanische Immobilienoligarchie das, was vom Westen noch \u00fcbrig ist, gerade hinfort regiert, verharren die Europ\u00e4er im Phrasendreschen zwischen dem Ruf nach mehr Fachkr\u00e4ften, l\u00e4ngeren Arbeitszeiten, Sanktionen gegen unliebsame Meinungen sowie aggressivem Zionismus und Ruin Russlands als Staatsr\u00e4son. Wie das alles enden wird, ist leicht vorstellbar. Der unabl\u00e4ssige Catfight<\/p>","protected":false},"author":2,"featured_media":17353,"comment_status":"closed","ping_status":"open","sticky":false,"template":"","format":"standard","meta":{"footnotes":""},"categories":[446,2,38],"tags":[158,627,628,735,1188,574,1187,754,625],"class_list":["post-17302","post","type-post","status-publish","format-standard","has-post-thumbnail","hentry","category-eu","category-politik","category-usa","tag-bart-de-wever","tag-emmanuel-macron","tag-friedrich-merz","tag-john-crace","tag-kaja-kallas","tag-keir-starmer","tag-sigmar-gabriel","tag-ursula-von-der-leyen","tag-zbigniew-brzezinski"],"_links":{"self":[{"href":"https:\/\/andel.info\/fr\/wp-json\/wp\/v2\/posts\/17302","targetHints":{"allow":["GET"]}}],"collection":[{"href":"https:\/\/andel.info\/fr\/wp-json\/wp\/v2\/posts"}],"about":[{"href":"https:\/\/andel.info\/fr\/wp-json\/wp\/v2\/types\/post"}],"author":[{"embeddable":true,"href":"https:\/\/andel.info\/fr\/wp-json\/wp\/v2\/users\/2"}],"replies":[{"embeddable":true,"href":"https:\/\/andel.info\/fr\/wp-json\/wp\/v2\/comments?post=17302"}],"version-history":[{"count":227,"href":"https:\/\/andel.info\/fr\/wp-json\/wp\/v2\/posts\/17302\/revisions"}],"predecessor-version":[{"id":19365,"href":"https:\/\/andel.info\/fr\/wp-json\/wp\/v2\/posts\/17302\/revisions\/19365"}],"wp:featuredmedia":[{"embeddable":true,"href":"https:\/\/andel.info\/fr\/wp-json\/wp\/v2\/media\/17353"}],"wp:attachment":[{"href":"https:\/\/andel.info\/fr\/wp-json\/wp\/v2\/media?parent=17302"}],"wp:term":[{"taxonomy":"category","embeddable":true,"href":"https:\/\/andel.info\/fr\/wp-json\/wp\/v2\/categories?post=17302"},{"taxonomy":"post_tag","embeddable":true,"href":"https:\/\/andel.info\/fr\/wp-json\/wp\/v2\/tags?post=17302"}],"curies":[{"name":"wp","href":"https:\/\/api.w.org\/{rel}","templated":true}]}}