{"id":16681,"date":"2026-01-05T16:19:51","date_gmt":"2026-01-05T15:19:51","guid":{"rendered":"https:\/\/andel.info\/?p=16681"},"modified":"2026-03-06T22:21:14","modified_gmt":"2026-03-06T21:21:14","slug":"halbe-portionen-mit-doppelmoral","status":"publish","type":"post","link":"https:\/\/andel.info\/fr\/2026\/01\/05\/halbe-portionen-mit-doppelmoral\/","title":{"rendered":"Des demi-portions avec une double morale"},"content":{"rendered":"\n<p class=\"has-light-gray-background-color has-background\"><em>Wenn die USA ihren Hinterhof mit st\u00e4hlernem Besen kehren, dann ist das nicht besser, als wenn China oder Russland dies tun. Die halbgare Doppelmoral der vorgeblich regelbasierten Weltordnung des Westens der Werte ist aber ganz einfach: niemand darf, was wir d\u00fcrfen und wir entscheiden, was wann richtig oder falsch ist.<\/em><\/p>\n\n\n\n<p class=\"has-drop-cap\">Noch ein Krieg gegen irgendwas, bei dem hinterher Erd\u00f6l abhanden gekommen ist. Nun wird wieder gerechtfertigt, was das Zeug h\u00e4lt, denn es war nicht Russland, sondern das Land der unbegrenzten M\u00f6glichkeiten. Deutsche Politiker werden immer mehr zu USA-Erkl\u00e4rb\u00e4ren, deren dar\u00fcberhinaus gehende Wertewelt sich darauf reduziert, dass die USA unabdingbar, Israel gut, China gef\u00e4hrlich und Russland b\u00f6se ist. Wer jedoch mit einem derart beschr\u00e4nkten Weltbild regieren m\u00f6chte, kommt als politisch halbe Portion nicht weit. W\u00e4hrenddessen w\u00e4chst die Angst in Gr\u00f6nland und Panama, Angst allerdings nicht vor China oder Russland, sondern den USA. Und im halb zertr\u00fcmmerten Pal\u00e4stina hat man gleich doppelt Angst: sowohl vor Israel als auch den USA.<\/p>\n\n\n\n<blockquote class=\"wp-block-quote is-layout-flow wp-block-quote-is-layout-flow\">\n<p><em>Wenn die Vereinigten Staaten beschlie\u00dfen, ein anderes NATO-Land milit\u00e4risch anzugreifen, w\u00fcrde alles zum Stillstand kommen \u2013 das schlie\u00dft die NATO und damit die Sicherheit nach dem Zweiten Weltkrieg ein.<\/em><\/p>\n<cite>Die d\u00e4nische Ministerpr\u00e4sidentin Mette Frederiksen am <a href=\"https:\/\/www.theguardian.com\/world\/2026\/jan\/05\/trump-must-give-up-fantasies-about-annexation-says-greenland-pm\" target=\"_blank\" rel=\"noreferrer noopener\">5. Januar 2026<\/a><\/cite><\/blockquote>\n\n\n\n<p>Vermutlich gilt \u201e<a href=\"https:\/\/de.wikipedia.org\/wiki\/Whataboutism\" target=\"_blank\" rel=\"noreferrer noopener\">Whataboutism<\/a>\u201c derzeit wieder als als v\u00f6llig legitim, schon ist gar von einer \u201e<a href=\"https:\/\/www.theguardian.com\/world\/2026\/jan\/03\/putin-russia-us-foreign-policy-venezuela\" target=\"_blank\" rel=\"noreferrer noopener\">Putinisierung<\/a>\u201c der US-Politik zu lesen, obgleich diese nie anders war, nun aber nicht mehr \u201e<a href=\"https:\/\/de.wikipedia.org\/wiki\/Monroe-Doktrin\" target=\"_blank\" rel=\"noreferrer noopener\">Monroe<\/a>\u201c-, sondern nach Donald Trump benannt \u201eDonroe\u201c-Doktrin hei\u00dft. In weiser Voraussicht wurde bereits ein <a href=\"https:\/\/www.nobelprize.org\/prizes\/peace\/2025\/machado\/facts\/\" target=\"_blank\" rel=\"noreferrer noopener\">Friedensnobelpreis<\/a> an eine rechtsextreme Politikerin vergeben, die f\u00fcr den Wertewesten ideale Herrscherin \u00fcber Venezuela w\u00e4re, nur will die Donald Trump ausgerechnet deswegen nicht, weil sie den Preis bekam, den er verdient zu haben glaubte. Das alles klingt wie ein billiger Witz, ist aber \u00fcberhaupt nicht lustig.<\/p>\n\n\n\n<blockquote class=\"wp-block-quote is-layout-flow wp-block-quote-is-layout-flow\">\n<p><em>Vielen Dank, Pr\u00e4sident [Trump], f\u00fcr Ihre entschlossene F\u00fchrung, die dazu beitr\u00e4gt, die Welt sicherer zu machen. Vielen Dank, dass Sie den entscheidenden globalen Kampf gegen brutale, skrupellose und destabilisierende Regime sowie gegen die Gefahren des Drogenhandels anf\u00fchren.<\/em><\/p>\n<cite>Der israelische Pr\u00e4sident Isaac Herzog am <a href=\"https:\/\/x.com\/Isaac_Herzog\/status\/2007534635513983417\" target=\"_blank\" rel=\"noreferrer noopener\">3. Januar 2026<\/a><\/cite><\/blockquote>\n\n\n\n<p>Nanu, hatte Nicol\u00e1s Maduro die Welt unsicher gemacht? Gab es gar wieder gro\u00dfe eingebildete Arsenale voller Massenvernichtungswaffen, die man im Irak immer noch sucht? Wenn f\u00fcr Friedrich Merz Binjamin Netanjahu im zwangsweise betenden Iran \u201eDrecksarbeit\u201c, Wladimir Putin aber in der fundamental korrupten Ukraine das genaue Gegenteil (saubere Arbeit?) verrichtet, dann darf man auf seine Einsch\u00e4tzung in Sachen Venezuela gespannt sein, die in jeder Form so peinlich wie seine gesamte Politik sein wird. Nichts an seinen Handlungen ist aus irgendeiner Perspektive noch besonnen, glaubw\u00fcrdig oder auch nur im mindesten nachhaltig. Kommende Generationen werden sich f\u00fcr ein gewaltiges Haushaltsloch den R\u00fccken krumm schuften m\u00fcssen, das zu nichts, aber auch rein gar nichts Gutem f\u00fchrt.<\/p>\n\n\n\n<blockquote class=\"wp-block-quote is-layout-flow wp-block-quote-is-layout-flow\">\n<p><em>Bundeskanzler Olaf Scholz hat den russischen Angriff auf die Ukraine scharf verurteilt. Dieser sei \u201eein eklatanter Bruch des V\u00f6lkerrechts\u201c und durch nichts zu rechtfertigen, so der Kanzler. Er sprach von einem dunklen Tag f\u00fcr Europa \u2013 und k\u00fcndigte weitere, harte Sanktionen an. Er forderte den russischen Pr\u00e4sidenten auf, seine Truppen vom Gebiet der Ukraine zur\u00fcckzuziehen.<\/em><\/p>\n<cite>Der deutsche Bundeskanzler zum Ukraine-Feldzug am <a href=\"https:\/\/www.bundesregierung.de\/breg-de\/mediathek\/scholz-angriff-auf-ukraine-2007618\" target=\"_blank\" rel=\"noreferrer noopener\">24. Februar 2022<\/a><\/cite><\/blockquote>\n\n\n\n<p>Obige Reaktion erfolgte bereits am ersten Tag des russischen Ukrainefeldzuges. Seither sind wir alle Mitwirkende in einer beispiellosen <a href=\"https:\/\/andel.info\/2023\/06\/29\/exemplum-stultitiae\/\">Propagandaschlacht<\/a>. Ob nun die Geisterdrohnen der monatelangen europ\u00e4ischen Drohnenpanik oder die Geisterdrohnen des Angriffs auf das Anwesen des russischen Pr\u00e4sidenten glaubw\u00fcrdiger sind, sei dahingestellt, denn immer mehr B\u00fcrgern ist das mittlerweile egal, ebenso wie die gesamte Ukraine. Bei all der gro\u00dfen Liebe Deutschlands, Ungarns und der USA zu Israel sowie der gro\u00dfen Liebe Deutschlands, Frankreichs und Britanniens zur Ukraine kommt vor allem eines zu kurz: das Wohl des Steuerzahlers zuhause. Bei dem f\u00e4llt der Strom aus, der Arbeitsplatz weg und die Br\u00fccke zusammen. Seine Lebenshaltungskosten steigen, seine Lebensqualit\u00e4t sinkt und die Leistungen seiner Krankenkasse werden zunehmend hom\u00f6opathisch.<\/p>\n\n\n\n<blockquote class=\"wp-block-quote is-layout-flow wp-block-quote-is-layout-flow\">\n<p><em>Die rechtliche Einordnung des US-Einsatzes ist komplex. Dazu nehmen wir uns Zeit. Grunds\u00e4tzlich m\u00fcssen im Umgang zwischen Staaten die Prinzipien des V\u00f6lkerrechts gelten. Jetzt darf in Venezuela keine politische Instabilit\u00e4t entstehen. Es gilt, einen geordneten \u00dcbergang hin zu einer durch Wahlen legitimierten Regierung zu gew\u00e4hrleisten.<\/em><\/p>\n<cite>Der deutsche Bundeskanzler zum Venezuela-\u00dcberfall am <a href=\"https:\/\/www.bundesregierung.de\/breg-de\/aktuelles\/bundeskanzler-friedrich-merz-erklaert-zur-situation-in-venezuela-2401528\" target=\"_blank\" rel=\"noreferrer noopener\">3. Januar 2026<\/a><\/cite><\/blockquote>\n\n\n\n<p>So so, wir nehmen uns also Zeit. Zeit, um Rechtfertigungen zur Errichtung eines immer gr\u00f6\u00dferen und instabileren transatlantischen L\u00fcgengeb\u00e4udes zu erfinden, Zeit, um viele tausend Sanktionen gegen die USA und deren B\u00fcrger zu beschlie\u00dfen oder etwa Zeit, um geschlossen zur\u00fcckzutreten? All die billigen Argumente in Sachen V\u00f6lkerrecht, die wir in den letzten Jahren von den Baerbocks, Hofreiters, Kiesewetters und Strack-Zimmermanns zu h\u00f6ren bekamen, erweisen sich nun als Bumerangs, denn die USA werden von ihrem Lieblingshobby des Regimewechsels niemals ablassen, woran auch halbe EU-Portionen mit Doppelmoral nichts \u00e4ndern.<\/p>\n\n\n\n<p><em>David Andel<\/em><\/p>\n","protected":false},"excerpt":{"rendered":"<p>Si les \u00c9tats-Unis nettoient leur arri\u00e8re-cour \u00e0 grands coups de balai d'acier, cela ne vaut pas mieux que lorsque la Chine ou la Russie font de m\u00eame. La double morale ti\u00e9dasse de l'Occident des valeurs et son ordre mondial pr\u00e9tendument fond\u00e9 sur des r\u00e8gles est pourtant d'une simplicit\u00e9 enfantine : personne n'a le droit de faire ce que nous nous permettons, et c'est nous qui d\u00e9cidons de ce qui est bien ou mal, selon march\u00e9.<\/p>","protected":false},"author":2,"featured_media":16732,"comment_status":"closed","ping_status":"open","sticky":false,"template":"","format":"standard","meta":{"footnotes":""},"categories":[451,2],"tags":[127,110,628,1176,1178,1177,858,73],"class_list":["post-16681","post","type-post","status-publish","format-standard","has-post-thumbnail","hentry","category-kolumne","category-politik","tag-binjamin-netanjahu","tag-donald-trump","tag-friedrich-merz","tag-isaac-herzog","tag-maria-corina-machado","tag-nicolas-maduro","tag-olaf-scholz","tag-wladimir-putin"],"_links":{"self":[{"href":"https:\/\/andel.info\/fr\/wp-json\/wp\/v2\/posts\/16681","targetHints":{"allow":["GET"]}}],"collection":[{"href":"https:\/\/andel.info\/fr\/wp-json\/wp\/v2\/posts"}],"about":[{"href":"https:\/\/andel.info\/fr\/wp-json\/wp\/v2\/types\/post"}],"author":[{"embeddable":true,"href":"https:\/\/andel.info\/fr\/wp-json\/wp\/v2\/users\/2"}],"replies":[{"embeddable":true,"href":"https:\/\/andel.info\/fr\/wp-json\/wp\/v2\/comments?post=16681"}],"version-history":[{"count":67,"href":"https:\/\/andel.info\/fr\/wp-json\/wp\/v2\/posts\/16681\/revisions"}],"predecessor-version":[{"id":16797,"href":"https:\/\/andel.info\/fr\/wp-json\/wp\/v2\/posts\/16681\/revisions\/16797"}],"wp:featuredmedia":[{"embeddable":true,"href":"https:\/\/andel.info\/fr\/wp-json\/wp\/v2\/media\/16732"}],"wp:attachment":[{"href":"https:\/\/andel.info\/fr\/wp-json\/wp\/v2\/media?parent=16681"}],"wp:term":[{"taxonomy":"category","embeddable":true,"href":"https:\/\/andel.info\/fr\/wp-json\/wp\/v2\/categories?post=16681"},{"taxonomy":"post_tag","embeddable":true,"href":"https:\/\/andel.info\/fr\/wp-json\/wp\/v2\/tags?post=16681"}],"curies":[{"name":"wp","href":"https:\/\/api.w.org\/{rel}","templated":true}]}}