{"id":16557,"date":"2025-12-30T17:58:50","date_gmt":"2025-12-30T16:58:50","guid":{"rendered":"https:\/\/andel.info\/?p=16557"},"modified":"2026-03-06T22:21:25","modified_gmt":"2026-03-06T21:21:25","slug":"chaos-das-nicht-sein-darf","status":"publish","type":"post","link":"https:\/\/andel.info\/fr\/2025\/12\/30\/chaos-das-nicht-sein-darf\/","title":{"rendered":"Inacceptable chaos"},"content":{"rendered":"\n<p class=\"has-light-gray-background-color has-background\"><em>Die Europ\u00e4ische Union ist kein Staat, sondern ein Staatenb\u00fcndnis. Schon die Tatsache, dass Ursula, Tochter von Ernst Albrecht, das ignoriert, spricht B\u00e4nde. Ihr Europa soll die USA vor Trump ersetzen, nicht weniger. M\u00f6chte die deutsche Maus daher br\u00fcllen, tut sie das bevorzugt \u00fcber ihr Organ in Br\u00fcssel, als w\u00e4re es lauter. Im Alleingang hat Berlin viel zu gro\u00dfe Angst, gerade vor Trump.<\/em><\/p>\n\n\n\n<p class=\"has-drop-cap\">So sich die Einigkeit der Europ\u00e4ischen Union im kleinsten gemeinsamen Nenner ihrer Mitgliedsstaaten f\u00e4nde, w\u00e4re sie gewaltig. Einigkeit aber ist etwas anderes. Dies war zuletzt bei der versuchten Vergewaltigung Belgiens durch Deutschland festzustellen. <a href=\"https:\/\/www.politico.eu\/article\/belgium-russia-bart-de-wever-moscow-funds-brussels-bank-ukraine-war\/\" target=\"_blank\" rel=\"noreferrer noopener\">Kaum eine Gelegenheit<\/a> wurde ausgelassen, Belgien als europ\u00e4ischen Vaterlandsverr\u00e4ter darzustellen, obgleich es gar kein europ\u00e4isches Vaterland gibt. Dennoch scheiterte die brachiale Vorgehensweise und Premierminister de Wever blieb stur wie allen <a href=\"https:\/\/andel.info\/2025\/06\/26\/das-belgische-modell\/\">Belgiern<\/a> l\u00e4ngst bekannt, nur das ignorante Deutschland gab sich Illusionen der Gro\u00dfmannssucht hin.<\/p>\n\n\n\n<blockquote class=\"wp-block-quote is-layout-flow wp-block-quote-is-layout-flow\">\n<p><em>Der Druck in dieser Angelegenheit ist unglaublich. Ich habe ein Team, das Tag und Nacht daran arbeitet. Es w\u00e4re eine sch\u00f6ne Geschichte: dem B\u00f6sen, Putin, Geld wegzunehmen, um es dem Guten, der Ukraine, zu geben. Aber die eingefrorenen Verm\u00f6genswerte eines anderen Landes, seine Staatsfonds, zu stehlen, das hat es noch nie gegeben. Es handelt sich um Geld der russischen Zentralbank. Selbst w\u00e4hrend des Zweiten Weltkriegs wurde das Geld Deutschlands nicht beschlagnahmt. W\u00e4hrend eines Krieges werden Staatsverm\u00f6gen eingefroren. Und am Ende des Krieges muss der unterlegene Staat diese Verm\u00f6genswerte ganz oder teilweise abgeben, um die Sieger zu entsch\u00e4digen. Aber wer glaubt wirklich, dass Russland in der Ukraine verlieren wird? Das ist eine Fabel, eine totale Illusion. Es ist nicht einmal w\u00fcnschenswert, dass es verliert und dass in einem Land, das \u00fcber Atomwaffen verf\u00fcgt, Instabilit\u00e4t einkehrt.<\/em><\/p>\n<cite>Bart de Wever am <a href=\"https:\/\/www.lalibre.be\/belgique\/politique-belge\/2025\/12\/02\/bart-de-wever-dans-la-crise-politique-autour-du-budget-le-roi-ma-aide-5KDD7VZ5YBFRPBDS3GMGGTOOME\/\" target=\"_blank\" rel=\"noreferrer noopener\">2. Dezember 2025<\/a> \u00fcber die Enteignungsstrategie der EU<\/cite><\/blockquote>\n\n\n\n<p>Europa ist so uneins wie nie zuvor, Jahrzehnte m\u00fchseliger Arbeit zum Aufbau eines stabilen europ\u00e4ischen Hauses versinken inmitten ukrainischer Tr\u00fcmmer. Transatlantische Totengr\u00e4ber haben aus dem Friedensprojekt eine Konfrontationsgesellschaft gemacht, aus dem europ\u00e4ischen Gedanken wurde ein Albtraum. Wenn ein Staatenb\u00fcndnis seine eigenen Mitglieder derart unter Druck setzen muss, um eine Einigung zu erzielen, dennoch aber damit scheitert, dann kann vom Geist der Gemeinsamkeit keine Rede mehr sein. Wer solche Freunde hat, braucht keinen Feind. Nun ist Europa erneut so zerstritten wie zuvor und nach zwei Weltkriegen im 20. Jahrhundert wird schon im 21. Jahrhundert wieder zu den Waffen gerufen.<\/p>\n\n\n\n<blockquote class=\"wp-block-quote is-layout-flow wp-block-quote-is-layout-flow\">\n<p><em>Die Botschaft an Belgien lautet: Wenn es sich nicht anschlie\u00dft, werden seine Diplomaten, Minister und Politiker ihre Stimme am EU-Verhandlungstisch verlieren. [\u2026] Seine Meinung zu EU-Vorschl\u00e4gen w\u00fcrde nicht eingeholt werden. Seine Anrufe w\u00fcrden unbeantwortet bleiben, so der Diplomat. Das w\u00e4re eine harte Realit\u00e4t f\u00fcr ein Land, das sowohl buchst\u00e4blich als auch symbolisch im Herzen des EU-Projekts liegt und das \u00fcber seine Verh\u00e4ltnisse gelebt hat, wenn es darum ging, f\u00fchrende Rollen wie die Pr\u00e4sidentschaft des Europ\u00e4ischen Rates zu \u00fcbernehmen.<\/em><\/p>\n<cite>Das Springer-Medium Politico am <a href=\"https:\/\/www.politico.eu\/article\/europe-belgium-hungary-ukraine-loan-war-russia-funds-finances\/\">10. Dezember 2025<\/a> \u00fcber Belgien<\/cite><\/blockquote>\n\n\n\n<p>Die britische Insel ist zwar noch Mitglied der NATO, nicht jedoch mehr Bestandteil der EU. Die Scheidung erfolgte im Streit und wird nicht die letzte sein. W\u00e4hrenddessen entdeckt die von der EU ausgegrenzte T\u00fcrkei ihre eigene St\u00e4rke und konzentriert sich auf <a href=\"https:\/\/andel.info\/2025\/04\/24\/weder-atatuerk-noch-avrupa-ana\/\">regionale Widersacher<\/a>. Die baltischen Kleinstaaten geben sich aggressiv, sind Europa aber weder wirtschaftlich noch milit\u00e4risch zutr\u00e4glich. Die Slowakei, Ungarn und EU-Anw\u00e4rter Serbien d\u00e4mpfen ihre Hoffnungen, denn weder die EU noch die NATO k\u00f6nnen bislang damit \u00fcberzeugen, dass ihnen eine glorreiche Zukunft bevorsteht. Europa kehrt gro\u00dfen Schrittes zur Kleinstaatlichkeit zur\u00fcck.<\/p>\n\n\n\n<blockquote class=\"wp-block-quote is-layout-flow wp-block-quote-is-layout-flow\">\n<p><em>Ah, Politico! Sie haben ausgezeichnete Artikel mit wirklich aussagekr\u00e4ftigen Titeln ver\u00f6ffentlicht. Sie behaupteten, ich sei Russlands wertvollster Trumpf geworden. Das fand ich sehr schmeichelhaft. Ich werde mich daran erinnern. [\u2026] Wie ich bereits sagte, beherrscht ein echter Politiker seine Emotionen, auch wenn es sich um Wut, Rache oder sogar Gewalt handelt. [\u2026] Jetzt muss ich zu meiner Datscha in Sankt Petersburg, wo Depardieu mein Nachbar ist. Und auf der anderen Stra\u00dfenseite lebt Assad. Und ich denke, ich kann B\u00fcrgermeister dieses kleinen Dorfes werden. Vielleicht k\u00f6nnte das ja Ihre Schlagzeile sein!<\/em><\/p>\n<cite>Ein sichtlich genervter Bart de Wever am <a href=\"https:\/\/www.rtbf.be\/article\/bart-de-wever-s-attaque-au-media-politico-je-dois-retourner-a-ma-datcha-a-saint-petersbourg-ou-mon-voisin-est-depardieu-et-ou-assad-habite-en-face-11651378\" target=\"_blank\" rel=\"noreferrer noopener\">18. Dezember 2025<\/a> nach dem EU-Gipfel<\/cite><\/blockquote>\n\n\n\n<p>Die Konsequenz? Noch nie wurde so viel sanktioniert wie zurzeit. Sanktionen nicht zuletzt von der EU <a href=\"https:\/\/andel.info\/2025\/05\/22\/die-furchtunion\/\">gegen Europ\u00e4er<\/a> wohlgemerkt. Was das f\u00fcr einen Eindruck hinterl\u00e4sst, darf sich jeder ausmalen, zu erh\u00f6htem Zusammenhalt wird dies gewiss nicht f\u00fchren, zu einem verst\u00e4rkten Freiheitsgef\u00fchl ebensowenig. Wenn sich politische Schw\u00e4chlinge zu Stimulanzien abmahnender Anwaltskanzleien entwickeln und politisch Andersdenkende zu Staatsfeinden erkl\u00e4rt und entrechtet werden, dann verdeutlicht das, von wem die tats\u00e4chliche Gefahr ausgeht und wer der aufgebauschte Feind ist. Geeint gegen Russland oder ohne Russland keine Einigkeit mehr?<\/p>\n\n\n<div class=\"wp-block-image\">\n<figure class=\"aligncenter size-large\"><img loading=\"lazy\" decoding=\"async\" width=\"1024\" height=\"819\" src=\"https:\/\/andel.info\/wp-content\/uploads\/2025\/12\/Deutscher-Michel-wird-ausgepresst-1-1024x819.jpg\" alt=\"Der Preu\u00dfe sagt: \u201eUnd du, Michel, schrei nicht so! Der Kaiser w\u00fcnscht sich, dass auch wir Freiwillige haben, also lass sie aus freiem Willen kommen!\u201c (sowjetische Propaganda)\" class=\"wp-image-16604\" srcset=\"https:\/\/andel.info\/wp-content\/uploads\/2025\/12\/Deutscher-Michel-wird-ausgepresst-1-1024x819.jpg 1024w, https:\/\/andel.info\/wp-content\/uploads\/2025\/12\/Deutscher-Michel-wird-ausgepresst-1-300x240.jpg 300w, https:\/\/andel.info\/wp-content\/uploads\/2025\/12\/Deutscher-Michel-wird-ausgepresst-1-768x614.jpg 768w, https:\/\/andel.info\/wp-content\/uploads\/2025\/12\/Deutscher-Michel-wird-ausgepresst-1-15x12.jpg 15w, https:\/\/andel.info\/wp-content\/uploads\/2025\/12\/Deutscher-Michel-wird-ausgepresst-1-80x64.jpg 80w, https:\/\/andel.info\/wp-content\/uploads\/2025\/12\/Deutscher-Michel-wird-ausgepresst-1.jpg 1500w\" sizes=\"auto, (max-width: 1024px) 100vw, 1024px\" \/><figcaption class=\"wp-element-caption\">Der Preu\u00dfe sagt: \u201eUnd du, Michel, schrei nicht so! Der Kaiser w\u00fcnscht sich, dass auch wir Freiwillige haben, also lass sie aus freiem Willen kommen!\u201c (sowjetische Propaganda)<\/figcaption><\/figure><\/div>\n\n\n<p>Die Europ\u00e4ische Union, die NATO und vor allem auch die Ukraine wollten trotz zahlreicher Warnungen einen Krieg gegen Russland f\u00fchren. Ein Russland, das die Erwartungshaltung best\u00e4tigte und eine wohl vorbereitete Welle westlicher Propaganda lostrat, die bislang allerdings zu keinem positiven Ergebnis f\u00fchrte. Im Gegenteil, die Angelegenheit entgleitet, besagter Krieg endet bei weitem nicht so schnell und mit dem erwarteten Ausgang. Zugleich fr\u00f6nt der gehegte wie gepflegte B\u00fcndnispartner Israel einem nicht minder wohl vorbereiteten Blutrausch und in den USA regiert ein Pr\u00e4sident, der den Europ\u00e4ern fortw\u00e4hrend in die Suppe spuckt. Was wir nun beobachten, ist ein Wettbewerb des l\u00e4ngeren Atems unter Atemlosen, den die Europ\u00e4ische Union als unbeliebter Staatenbund, getragen von unbeliebten Regierungen, zweifelsohne verlieren wird.<\/p>\n\n\n\n<p><em>David Andel<\/em><\/p>\n","protected":false},"excerpt":{"rendered":"<p>Die Europ\u00e4ische Union ist kein Staat, sondern ein Staatenb\u00fcndnis. Schon die Tatsache, dass Ursula, Tochter von Ernst Albrecht, das ignoriert, spricht B\u00e4nde. Ihr Europa soll die USA vor Trump ersetzen, nicht weniger. M\u00f6chte die deutsche Maus daher br\u00fcllen, tut sie das bevorzugt \u00fcber ihr Organ in Br\u00fcssel, als w\u00e4re es<\/p>","protected":false},"author":2,"featured_media":16626,"comment_status":"closed","ping_status":"open","sticky":false,"template":"","format":"standard","meta":{"footnotes":""},"categories":[446,451],"tags":[158,110,1044,754],"class_list":["post-16557","post","type-post","status-publish","format-standard","has-post-thumbnail","hentry","category-eu","category-kolumne","tag-bart-de-wever","tag-donald-trump","tag-ernst-albrecht","tag-ursula-von-der-leyen"],"_links":{"self":[{"href":"https:\/\/andel.info\/fr\/wp-json\/wp\/v2\/posts\/16557","targetHints":{"allow":["GET"]}}],"collection":[{"href":"https:\/\/andel.info\/fr\/wp-json\/wp\/v2\/posts"}],"about":[{"href":"https:\/\/andel.info\/fr\/wp-json\/wp\/v2\/types\/post"}],"author":[{"embeddable":true,"href":"https:\/\/andel.info\/fr\/wp-json\/wp\/v2\/users\/2"}],"replies":[{"embeddable":true,"href":"https:\/\/andel.info\/fr\/wp-json\/wp\/v2\/comments?post=16557"}],"version-history":[{"count":80,"href":"https:\/\/andel.info\/fr\/wp-json\/wp\/v2\/posts\/16557\/revisions"}],"predecessor-version":[{"id":16653,"href":"https:\/\/andel.info\/fr\/wp-json\/wp\/v2\/posts\/16557\/revisions\/16653"}],"wp:featuredmedia":[{"embeddable":true,"href":"https:\/\/andel.info\/fr\/wp-json\/wp\/v2\/media\/16626"}],"wp:attachment":[{"href":"https:\/\/andel.info\/fr\/wp-json\/wp\/v2\/media?parent=16557"}],"wp:term":[{"taxonomy":"category","embeddable":true,"href":"https:\/\/andel.info\/fr\/wp-json\/wp\/v2\/categories?post=16557"},{"taxonomy":"post_tag","embeddable":true,"href":"https:\/\/andel.info\/fr\/wp-json\/wp\/v2\/tags?post=16557"}],"curies":[{"name":"wp","href":"https:\/\/api.w.org\/{rel}","templated":true}]}}