{"id":15373,"date":"2025-12-01T13:40:52","date_gmt":"2025-12-01T12:40:52","guid":{"rendered":"https:\/\/andel.info\/?p=15373"},"modified":"2026-03-06T22:23:15","modified_gmt":"2026-03-06T21:23:15","slug":"aegyptens-tempel-des-buches","status":"publish","type":"post","link":"https:\/\/andel.info\/fr\/2025\/12\/01\/aegyptens-tempel-des-buches\/","title":{"rendered":"Le temple \u00e9gyptien des livres"},"content":{"rendered":"<p class=\"has-light-gray-background-color has-background\"><em>Dans l'histoire de l'humanit\u00e9, ce qui a \u00e9t\u00e9 un jour d\u00e9truit est parfois reconstruit. Dans le cas de la Bibliotheca Alexandrina, cela n'eut toutefois lieu qu'apr\u00e8s bien plus d'un mill\u00e9naire. Impossible d'estimer si le r\u00e9sultat est mieux ou pire que l'original car le b\u00e2timent d'\u00e9poque a disparu sans laisser de trace, pour des raisons inconnues. Toutefois, une chose est s\u00fbre : la seconde version fait forte impression !<\/em><\/p>\n\n\n\n<p class=\"has-drop-cap\">Les nombreuses th\u00e9ories sur la fin de la <a href=\"https:\/\/fr.wikipedia.org\/wiki\/S\u00e9rap\u00e9um_d&#039;Alexandrie\" target=\"_blank\" rel=\"noreferrer noopener\">biblioth\u00e8que antique<\/a> d'Alexandrie se lisent comme autant de romans. Plus moyen de savoir quand le drame s'est produit, ni pour quelle raison. Cela a peut-\u00eatre eu lieu peu apr\u00e8s le d\u00e9but de notre \u00e8re, ou bien 600 ans plus tard : comme pour la mythique Atlantis, il ne subsiste aucune trace arch\u00e9ologique. Un seul point fait l'unanimit\u00e9 : la biblioth\u00e8que \u00e9tait un foyer de concentration de savoir unique au monde. Au moins, les ruines d'une \u00ab filiale \u00bb au <a href=\"https:\/\/de.wikipedia.org\/wiki\/Bibliothek_von_Alexandria#Die_Tochterbibliothek_im_Serapeion\" target=\"_blank\" rel=\"noreferrer noopener\">Serapeum d'Alexandrie<\/a> (voir galerie de photos ci-dessous) peuvent encore \u00eatre visit\u00e9es aujourd'hui. Il n'en est que plus \u00e9tonnant que plus rien ne subsiste de l'\u00e9tablissement principal, malgr\u00e9 des recherches intensives et alors que de nombreux t\u00e9moignages historiques confirment l'existence du b\u00e2timent ainsi que son emplacement approximatif, dans le quartier des palais antiques au nord-est d'Alexandrie.<\/p>\n\n\n\n<figure class=\"wp-block-gallery aligncenter has-nested-images columns-2 is-cropped wp-block-gallery-1 is-layout-flex wp-block-gallery-is-layout-flex\">\n<figure class=\"wp-block-image size-large\"><a href=\"https:\/\/andel.info\/wp-content\/uploads\/2025\/11\/Serapeion-1.jpg\"><img loading=\"lazy\" decoding=\"async\" width=\"768\" height=\"1024\" data-id=\"15795\" src=\"https:\/\/andel.info\/wp-content\/uploads\/2025\/11\/Serapeion-1-768x1024.jpg\" alt=\"\" class=\"wp-image-15795\" srcset=\"https:\/\/andel.info\/wp-content\/uploads\/2025\/11\/Serapeion-1-768x1024.jpg 768w, https:\/\/andel.info\/wp-content\/uploads\/2025\/11\/Serapeion-1-225x300.jpg 225w, https:\/\/andel.info\/wp-content\/uploads\/2025\/11\/Serapeion-1-1152x1536.jpg 1152w, https:\/\/andel.info\/wp-content\/uploads\/2025\/11\/Serapeion-1-9x12.jpg 9w, https:\/\/andel.info\/wp-content\/uploads\/2025\/11\/Serapeion-1.jpg 1280w\" sizes=\"auto, (max-width: 768px) 100vw, 768px\" \/><\/a><\/figure>\n\n\n\n<figure class=\"wp-block-image size-large\"><a href=\"https:\/\/andel.info\/wp-content\/uploads\/2025\/11\/Serapeion-2.jpg\"><img loading=\"lazy\" decoding=\"async\" width=\"768\" height=\"1024\" data-id=\"15786\" src=\"https:\/\/andel.info\/wp-content\/uploads\/2025\/11\/Serapeion-2-768x1024.jpg\" alt=\"\" class=\"wp-image-15786\" srcset=\"https:\/\/andel.info\/wp-content\/uploads\/2025\/11\/Serapeion-2-768x1024.jpg 768w, https:\/\/andel.info\/wp-content\/uploads\/2025\/11\/Serapeion-2-225x300.jpg 225w, https:\/\/andel.info\/wp-content\/uploads\/2025\/11\/Serapeion-2-1152x1536.jpg 1152w, https:\/\/andel.info\/wp-content\/uploads\/2025\/11\/Serapeion-2-9x12.jpg 9w, https:\/\/andel.info\/wp-content\/uploads\/2025\/11\/Serapeion-2.jpg 1280w\" sizes=\"auto, (max-width: 768px) 100vw, 768px\" \/><\/a><\/figure>\n\n\n\n<figure class=\"wp-block-image size-large\"><a href=\"https:\/\/andel.info\/wp-content\/uploads\/2025\/11\/Serapeion-3.jpg\"><img loading=\"lazy\" decoding=\"async\" width=\"768\" height=\"1024\" data-id=\"15787\" src=\"https:\/\/andel.info\/wp-content\/uploads\/2025\/11\/Serapeion-3-768x1024.jpg\" alt=\"\" class=\"wp-image-15787\" srcset=\"https:\/\/andel.info\/wp-content\/uploads\/2025\/11\/Serapeion-3-768x1024.jpg 768w, https:\/\/andel.info\/wp-content\/uploads\/2025\/11\/Serapeion-3-225x300.jpg 225w, https:\/\/andel.info\/wp-content\/uploads\/2025\/11\/Serapeion-3-1152x1536.jpg 1152w, https:\/\/andel.info\/wp-content\/uploads\/2025\/11\/Serapeion-3-9x12.jpg 9w, https:\/\/andel.info\/wp-content\/uploads\/2025\/11\/Serapeion-3.jpg 1280w\" sizes=\"auto, (max-width: 768px) 100vw, 768px\" \/><\/a><\/figure>\n\n\n\n<figure class=\"wp-block-image size-large\"><a href=\"https:\/\/andel.info\/wp-content\/uploads\/2025\/11\/Serapeion-4.jpg\"><img loading=\"lazy\" decoding=\"async\" width=\"768\" height=\"1024\" data-id=\"15788\" src=\"https:\/\/andel.info\/wp-content\/uploads\/2025\/11\/Serapeion-4-768x1024.jpg\" alt=\"\" class=\"wp-image-15788\" srcset=\"https:\/\/andel.info\/wp-content\/uploads\/2025\/11\/Serapeion-4-768x1024.jpg 768w, https:\/\/andel.info\/wp-content\/uploads\/2025\/11\/Serapeion-4-225x300.jpg 225w, https:\/\/andel.info\/wp-content\/uploads\/2025\/11\/Serapeion-4-1152x1536.jpg 1152w, https:\/\/andel.info\/wp-content\/uploads\/2025\/11\/Serapeion-4-9x12.jpg 9w, https:\/\/andel.info\/wp-content\/uploads\/2025\/11\/Serapeion-4.jpg 1280w\" sizes=\"auto, (max-width: 768px) 100vw, 768px\" \/><\/a><\/figure>\n<figcaption class=\"blocks-gallery-caption wp-element-caption\">Le Serapeum d'Alexandrie aujourd'hui<\/figcaption><\/figure>\n\n\n\n<p>Le b\u00e2timent \u00e9rig\u00e9 en 2002 h\u00e9rita donc, \u00e0 bien des \u00e9gards, d'un lourd pass\u00e9. Pendant longtemps, l'\u00c9gypte n'a pas vraiment \u00e9t\u00e9 un bastion de l'instruction ; elle figurait en haut des classements pour l'analphab\u00e9tisme. En 2013 encore, \u00e0 peine trois quarts de la population adulte \u00e9gyptienne savaient lire et \u00e9crire. Une population afflig\u00e9e par des rois ob\u00e8ses et ceux que l'on surnomma \u00ab les nouveaux pharaons \u00bb, toute une succession de dictateurs dont les objectifs respectifs ne pouvaient \u00eatre plus divergents et \u00e9taient rarement vou\u00e9s au bien du peuple. Puis viendrait la question du contenu. Ne f\u00fbt-ce que la masse des publications actuelles rend infiniment p\u00e9nible d'y distinguer le bon grain de l'ivraie. L'on a certes toujours beaucoup publi\u00e9, mais qu'y a-t-il dans cet ensemble qui ait vraiment une valeur particuli\u00e8re pour l'humanit\u00e9, ou qui soit digne de la version moderne de la plus grande biblioth\u00e8que du monde ?<\/p>\n\n\n\n<p>Les foires du livre vouent un culte au vil Mammon et, en particulier, les <a href=\"https:\/\/www.bestsellerliste.de\" target=\"_blank\" rel=\"noreferrer noopener\">listes de best-sellers<\/a> invitent \u00e0 cette pens\u00e9e ha\u00efssable que la lecture est tout sauf enrichissante. Et puis l'emplacement de la reconstruction : l'amer fait qu'Alexandrie c\u00e8de chaque ann\u00e9e trois millim\u00e8tres de terre \u00e0 la mer. La biblioth\u00e8que n'en est pas bien \u00e9loign\u00e9e, et la vue sur la mer dans la deuxi\u00e8me ville d'\u00c9gypte repr\u00e9sente depuis longtemps \u00e0 la fois une libert\u00e9 et une menace. Depuis 1970, <a href=\"https:\/\/www.volcanodiscovery.com\/de\/ort\/13925\/erdbeben\/alexandria.html\" target=\"_blank\" rel=\"noreferrer noopener\">on a relev\u00e9<\/a> 16 petits tremblements de terre \u00e0 Alexandrie, et en l'an 365, un grand s\u00e9isme au large de la Gr\u00e8ce provoqua un <a href=\"https:\/\/www.history.de\/heute-vor\/detail\/ein-tsunami-trifft-alexandria-in-aegypten.html\" target=\"_blank\" rel=\"noreferrer noopener\">tsunami d'une ampleur inou\u00efe<\/a>, qui emporta Alexandrie et ses environs. Jusqu'\u00e0 50 000 vies humaines et autant de b\u00e2timents furent d\u00e9truits ; peut-\u00eatre l'ancienne biblioth\u00e8que en faisait-elle partie.<\/p>\n\n\n\n<p>Mais l'\u00c9gypte ne se laissa pas d\u00e9courager par de telles conditions et misa sur le principe de l'espoir. Le pays avait une r\u00e9putation \u00e0 d\u00e9fendre, car comme le dit un vieux proverbe : l'\u00c9gypte \u00e9crit, le Liban publie et l'Irak lit. Comment, d\u00e8s lors, la nation des \u00e9crivains les plus c\u00e9l\u00e8bres du Moyen-Orient pourrait-elle se passer d'une biblioth\u00e8que ? La tradition voulait que la nouvelle biblioth\u00e8que d\u00fbt \u00eatre construite au m\u00eame endroit que l'ancienne, disparue sans laisser de trace, dans le quartier de Chatby (\u0627\u0644\u0634\u0627\u0637\u0628\u064a). On y trouve, \u00e0 c\u00f4t\u00e9 de la nouvelle biblioth\u00e8que, l'ancienne <em>British Boys&#8216; School<\/em> fond\u00e9e par les Britanniques en 1929 (aujourd'hui l'\u00e9cole El Nasr pour gar\u00e7ons) ainsi que, non loin, le <em>English Girls College<\/em> \u00e9galement fond\u00e9 par les Britanniques en 1935 (aujourd'hui le coll\u00e8ge El Nasr pour filles), l'\u00e9cole de gar\u00e7ons catholique <em>Coll\u00e8ge Saint Marc<\/em>, le <em>Lyc\u00e9e Fran\u00e7ais<\/em> et l'universit\u00e9. Le temple \u00e9gyptien du livre peut ainsi jouir d'une forte demande continue.<\/p>\n\n\n\n<p>Sur commande du minist\u00e8re \u00e9gyptien de l'\u00c9ducation, la Bibliotheca Alexandrina fut achev\u00e9e en juillet 2001, apr\u00e8s six ans de construction et pour un co\u00fbt de 218 millions de dollars am\u00e9ricains. Elle fut inaugur\u00e9e solennellement le 16 octobre 2002. L'\u00e9difice est le r\u00e9sultat d'un concours international r\u00e9alis\u00e9 en 1989, dont le projet du jeune cabinet d'architectes norv\u00e9gien <em><a href=\"https:\/\/www.snohetta.com\/projects\/bibliotheca-alexandrina\" target=\"_blank\" rel=\"noreferrer noopener\">Sn\u00f8hetta<\/a><\/em> sortit vainqueur et fut mis en \u0153uvre en collaboration avec le cabinet d'architectes cairote <em><a href=\"http:\/\/www.hamza.org\" target=\"_blank\" rel=\"noreferrer noopener\">Hamza Associates<\/a><\/em> . Le fonds de la biblioth\u00e8que compterait aujourd'hui environ un million et demi de livres r\u00e9partis sur onze \u00e9tages et 80 000 m\u00e8tres carr\u00e9s, auxquels s'ajoute une petite s\u00e9lection de livres en allemand, italien et espagnol ainsi que dans des langues plus rares comme le cri, le ha\u00eftien et le zoulou. Le lieu permet d'accueillir jusqu'\u00e0 quatre millions de livres et peut \u00eatre \u00e9tendu \u00e0 huit millions de livres via un syst\u00e8me de stockage compact sp\u00e9cial.<\/p>\n\n\n\n<p>La tr\u00e8s modeste collection allemande, quant \u00e0 elle, impressionnera aussi peu que les comp\u00e9tences diplomatiques, d\u00e9sormais largement d\u00e9pass\u00e9es, de ce m\u00eame pays. L'Allemagne a depuis longtemps perdu sa bonne r\u00e9putation au Moyen-Orient du fait de son ob\u00e9issance aveugle \u00e0 Isra\u00ebl. La France, en revanche, a offert \u00e0 la Bibliotheca Alexandrina un demi-million de livres en fran\u00e7ais dans les domaines des sciences, de la litt\u00e9rature, de l'histoire, de la g\u00e9ographie et de l'anthropologie, faisant ainsi de la collection l'une des plus grandes francophones au monde. Il y a m\u00eame un coin lecture sp\u00e9cialement am\u00e9nag\u00e9 pour la langue de Dumas, Hugo et Proust.<\/p>\n\n\n<div class=\"wp-block-image\">\n<figure class=\"aligncenter size-large\"><a href=\"https:\/\/andel.info\/wp-content\/uploads\/2025\/12\/Aussenfassade-mit-Symbolen-scaled.jpg\"><img loading=\"lazy\" decoding=\"async\" width=\"768\" height=\"1024\" src=\"https:\/\/andel.info\/wp-content\/uploads\/2025\/12\/Aussenfassade-mit-Symbolen-768x1024.jpg\" alt=\"Die Au\u00dfenfassade mit Symbolen der K\u00fcnstler Jorunn Sannes und Kristian Blystad\" class=\"wp-image-16260\" srcset=\"https:\/\/andel.info\/wp-content\/uploads\/2025\/12\/Aussenfassade-mit-Symbolen-768x1024.jpg 768w, https:\/\/andel.info\/wp-content\/uploads\/2025\/12\/Aussenfassade-mit-Symbolen-225x300.jpg 225w, https:\/\/andel.info\/wp-content\/uploads\/2025\/12\/Aussenfassade-mit-Symbolen-1152x1536.jpg 1152w, https:\/\/andel.info\/wp-content\/uploads\/2025\/12\/Aussenfassade-mit-Symbolen-1536x2048.jpg 1536w, https:\/\/andel.info\/wp-content\/uploads\/2025\/12\/Aussenfassade-mit-Symbolen-9x12.jpg 9w, https:\/\/andel.info\/wp-content\/uploads\/2025\/12\/Aussenfassade-mit-Symbolen-scaled.jpg 1920w\" sizes=\"auto, (max-width: 768px) 100vw, 768px\" \/><\/a><figcaption class=\"wp-element-caption\">Fa\u00e7ade ext\u00e9rieure avec des symboles des artistes Jorunn Sannes et Kristian Blystad<\/figcaption><\/figure><\/div>\n\n\n<p>L'imposant b\u00e2timent principal se distingue par sa forme inhabituelle circulaire inclin\u00e9e. D'un diam\u00e8tre de 160 m\u00e8tres, il atteint 32 m\u00e8tres en hauteur, tandis qu'environ 12 m\u00e8tres plongent dans le sol. Sur la fa\u00e7ade ext\u00e9rieure de 6 000 m\u00e8tres carr\u00e9s en dalles de granit cliv\u00e9es se trouvent des symboles de diverses cultures, fabriqu\u00e9s en collaboration avec les artistes <a href=\"http:\/\/www.jorunnsannes.no\" target=\"_blank\" rel=\"noreferrer noopener\">Jorunn Sannes<\/a> et <a href=\"https:\/\/en.wikipedia.org\/wiki\/Kristian_Blystad\" target=\"_blank\" rel=\"noreferrer noopener\">Kristian Blystad<\/a> , r\u00e9alis\u00e9s en appliquant des techniques locales et grav\u00e9s \u00e0 la main. Une place ouverte invitant \u00e0 la fl\u00e2nerie et un bassin miroir entourent le b\u00e2timent. En outre, une passerelle pi\u00e9tonne le relie \u00e0 l'universit\u00e9 voisine, cr\u00e9ant ainsi un p\u00f4le d'\u00e9ducation.<\/p>\n\n\n<div class=\"wp-block-image\">\n<figure class=\"aligncenter size-large\"><a href=\"https:\/\/andel.info\/wp-content\/uploads\/2025\/12\/Innenansicht-Panorama-scaled.jpg\"><img loading=\"lazy\" decoding=\"async\" width=\"1024\" height=\"272\" src=\"https:\/\/andel.info\/wp-content\/uploads\/2025\/12\/Innenansicht-Panorama-1024x272.jpg\" alt=\"Innenansicht (Panorama)\" class=\"wp-image-16247\" srcset=\"https:\/\/andel.info\/wp-content\/uploads\/2025\/12\/Innenansicht-Panorama-1024x272.jpg 1024w, https:\/\/andel.info\/wp-content\/uploads\/2025\/12\/Innenansicht-Panorama-300x80.jpg 300w, https:\/\/andel.info\/wp-content\/uploads\/2025\/12\/Innenansicht-Panorama-768x204.jpg 768w, https:\/\/andel.info\/wp-content\/uploads\/2025\/12\/Innenansicht-Panorama-1536x408.jpg 1536w, https:\/\/andel.info\/wp-content\/uploads\/2025\/12\/Innenansicht-Panorama-2048x544.jpg 2048w, https:\/\/andel.info\/wp-content\/uploads\/2025\/12\/Innenansicht-Panorama-18x5.jpg 18w\" sizes=\"auto, (max-width: 1024px) 100vw, 1024px\" \/><\/a><figcaption class=\"wp-element-caption\">Vue int\u00e9rieure (panorama)<\/figcaption><\/figure><\/div>\n\n\n<p>La salle de lecture couvre 20 000 m\u00e8tres carr\u00e9s, ce qui en fait la plus grande au monde ; unique, elle offre de la place pour 2 000 lecteurs. L'immense espace est \u00e9clair\u00e9 uniform\u00e9ment et indirectement par des verri\u00e8res verticales orient\u00e9es au nord dans le toit. Nulle part la lumi\u00e8re directe du soleil ne frappe le papier fragile. La salle de lecture occupe plus de la moiti\u00e9 du volume de la biblioth\u00e8que et s'\u00e9tend sur sept \u00e9tages dispos\u00e9s en terrasses. Le voyageur studieux et curieux peut alors, sous les regards intrigu\u00e9s de certains lecteurs, d\u00e9ambuler de haut en bas \u00e0 travers les diff\u00e9rentes sections th\u00e9matiques \u2013 il n'y a pas de s\u00e9paration spatiale, seulement diff\u00e9rents paliers.<\/p>\n\n\n\n<figure class=\"wp-block-gallery has-nested-images columns-2 is-cropped wp-block-gallery-2 is-layout-flex wp-block-gallery-is-layout-flex\">\n<figure class=\"wp-block-image size-large\"><a href=\"https:\/\/andel.info\/wp-content\/uploads\/2025\/12\/Innenansicht-1-scaled.jpg\"><img loading=\"lazy\" decoding=\"async\" width=\"768\" height=\"1024\" data-id=\"16238\" src=\"https:\/\/andel.info\/wp-content\/uploads\/2025\/12\/Innenansicht-1-768x1024.jpg\" alt=\"Der gro\u00dfe Lesesaal von oben\" class=\"wp-image-16238\" srcset=\"https:\/\/andel.info\/wp-content\/uploads\/2025\/12\/Innenansicht-1-768x1024.jpg 768w, https:\/\/andel.info\/wp-content\/uploads\/2025\/12\/Innenansicht-1-225x300.jpg 225w, https:\/\/andel.info\/wp-content\/uploads\/2025\/12\/Innenansicht-1-1152x1536.jpg 1152w, https:\/\/andel.info\/wp-content\/uploads\/2025\/12\/Innenansicht-1-1536x2048.jpg 1536w, https:\/\/andel.info\/wp-content\/uploads\/2025\/12\/Innenansicht-1-9x12.jpg 9w, https:\/\/andel.info\/wp-content\/uploads\/2025\/12\/Innenansicht-1-scaled.jpg 1920w\" sizes=\"auto, (max-width: 768px) 100vw, 768px\" \/><\/a><figcaption class=\"wp-element-caption\">La grande salle de lecture vue du haut<\/figcaption><\/figure>\n\n\n\n<figure class=\"wp-block-image size-large\"><a href=\"https:\/\/andel.info\/wp-content\/uploads\/2025\/12\/Innenansicht-2-scaled.jpg\"><img loading=\"lazy\" decoding=\"async\" width=\"768\" height=\"1024\" data-id=\"16239\" src=\"https:\/\/andel.info\/wp-content\/uploads\/2025\/12\/Innenansicht-2-768x1024.jpg\" alt=\"Ein Durchgang enormer H\u00f6he\" class=\"wp-image-16239\" srcset=\"https:\/\/andel.info\/wp-content\/uploads\/2025\/12\/Innenansicht-2-768x1024.jpg 768w, https:\/\/andel.info\/wp-content\/uploads\/2025\/12\/Innenansicht-2-225x300.jpg 225w, https:\/\/andel.info\/wp-content\/uploads\/2025\/12\/Innenansicht-2-1152x1536.jpg 1152w, https:\/\/andel.info\/wp-content\/uploads\/2025\/12\/Innenansicht-2-1536x2048.jpg 1536w, https:\/\/andel.info\/wp-content\/uploads\/2025\/12\/Innenansicht-2-9x12.jpg 9w, https:\/\/andel.info\/wp-content\/uploads\/2025\/12\/Innenansicht-2-scaled.jpg 1920w\" sizes=\"auto, (max-width: 768px) 100vw, 768px\" \/><\/a><figcaption class=\"wp-element-caption\">Un passage d'une hauteur gigantesque<\/figcaption><\/figure>\n\n\n\n<figure class=\"wp-block-image size-large\"><a href=\"https:\/\/andel.info\/wp-content\/uploads\/2025\/12\/Innenansicht-3-scaled.jpg\"><img loading=\"lazy\" decoding=\"async\" width=\"768\" height=\"1024\" data-id=\"16240\" src=\"https:\/\/andel.info\/wp-content\/uploads\/2025\/12\/Innenansicht-3-768x1024.jpg\" alt=\"Endlose Regale voller B\u00fccher\" class=\"wp-image-16240\" srcset=\"https:\/\/andel.info\/wp-content\/uploads\/2025\/12\/Innenansicht-3-768x1024.jpg 768w, https:\/\/andel.info\/wp-content\/uploads\/2025\/12\/Innenansicht-3-225x300.jpg 225w, https:\/\/andel.info\/wp-content\/uploads\/2025\/12\/Innenansicht-3-1152x1536.jpg 1152w, https:\/\/andel.info\/wp-content\/uploads\/2025\/12\/Innenansicht-3-1536x2048.jpg 1536w, https:\/\/andel.info\/wp-content\/uploads\/2025\/12\/Innenansicht-3-9x12.jpg 9w, https:\/\/andel.info\/wp-content\/uploads\/2025\/12\/Innenansicht-3-scaled.jpg 1920w\" sizes=\"auto, (max-width: 768px) 100vw, 768px\" \/><\/a><figcaption class=\"wp-element-caption\">Des rayonnages sans fin pleins de livres<\/figcaption><\/figure>\n\n\n\n<figure class=\"wp-block-image size-large\"><a href=\"https:\/\/andel.info\/wp-content\/uploads\/2025\/12\/Innenansicht-4-scaled.jpg\"><img loading=\"lazy\" decoding=\"async\" width=\"768\" height=\"1024\" data-id=\"16241\" src=\"https:\/\/andel.info\/wp-content\/uploads\/2025\/12\/Innenansicht-4-768x1024.jpg\" alt=\"Mittels Treppen durch die Wissensbereiche\" class=\"wp-image-16241\" srcset=\"https:\/\/andel.info\/wp-content\/uploads\/2025\/12\/Innenansicht-4-768x1024.jpg 768w, https:\/\/andel.info\/wp-content\/uploads\/2025\/12\/Innenansicht-4-225x300.jpg 225w, https:\/\/andel.info\/wp-content\/uploads\/2025\/12\/Innenansicht-4-1152x1536.jpg 1152w, https:\/\/andel.info\/wp-content\/uploads\/2025\/12\/Innenansicht-4-1536x2048.jpg 1536w, https:\/\/andel.info\/wp-content\/uploads\/2025\/12\/Innenansicht-4-9x12.jpg 9w, https:\/\/andel.info\/wp-content\/uploads\/2025\/12\/Innenansicht-4-scaled.jpg 1920w\" sizes=\"auto, (max-width: 768px) 100vw, 768px\" \/><\/a><figcaption class=\"wp-element-caption\">Parcours dans les savoirs via les escaliers<\/figcaption><\/figure>\n<\/figure>\n\n\n\n<p>Outre les installations de la biblioth\u00e8que, le b\u00e2timent comprend d'autres \u00e9quipements culturels et p\u00e9dagogiques, dont un plan\u00e9tarium, plusieurs mus\u00e9es, une \u00e9cole de sciences de l'information et des ateliers de conservation. Le mus\u00e9e Sadat int\u00e9gr\u00e9 \u00e0 la Bibliotheca Alexandrina est en l'occurrence un ajout bienvenu, car ce chef d'\u00c9tat \u00e9gyptien (abattu lors d'un attentat le 6 octobre 1981) \u00e9tait consid\u00e9r\u00e9, malgr\u00e9 toutes les critiques l\u00e9gitimes, comme l'un des plus grands b\u00e2tisseurs de ponts entre l'Orient et l'Occident, ce qui \u00e9tait d\u00fb notamment \u00e0 sa charismatique \u00e9pouse. On peut y voir, entre autres, une reconstitution du bureau d'Anouar el-Sadate ainsi que sa biblioth\u00e8que personnelle plut\u00f4t modeste. \u00c0 c\u00f4t\u00e9 de son r\u00e9cepteur mondial, un satellite Grundig, son eau de rasage pr\u00e9f\u00e9r\u00e9e, sa pipe et quelques cannes de promenade. S'y trouve aussi l'uniforme tach\u00e9 de sang qu'il portait au moment de l'attentat qui l'a tu\u00e9.<\/p>\n\n\n\n<figure class=\"wp-block-gallery has-nested-images columns-2 is-cropped wp-block-gallery-3 is-layout-flex wp-block-gallery-is-layout-flex\">\n<figure class=\"wp-block-image size-large\"><a href=\"https:\/\/andel.info\/wp-content\/uploads\/2025\/12\/Sadats-letzte-Uniform-scaled.jpg\"><img loading=\"lazy\" decoding=\"async\" width=\"1024\" height=\"768\" data-id=\"16249\" src=\"https:\/\/andel.info\/wp-content\/uploads\/2025\/12\/Sadats-letzte-Uniform-1024x768.jpg\" alt=\"Die Uniform mit Einschussl\u00f6chern, die Anwar es-Sadat trug, als er erschossen wurde\" class=\"wp-image-16249\" srcset=\"https:\/\/andel.info\/wp-content\/uploads\/2025\/12\/Sadats-letzte-Uniform-1024x768.jpg 1024w, https:\/\/andel.info\/wp-content\/uploads\/2025\/12\/Sadats-letzte-Uniform-300x225.jpg 300w, https:\/\/andel.info\/wp-content\/uploads\/2025\/12\/Sadats-letzte-Uniform-768x576.jpg 768w, https:\/\/andel.info\/wp-content\/uploads\/2025\/12\/Sadats-letzte-Uniform-1536x1152.jpg 1536w, https:\/\/andel.info\/wp-content\/uploads\/2025\/12\/Sadats-letzte-Uniform-2048x1536.jpg 2048w, https:\/\/andel.info\/wp-content\/uploads\/2025\/12\/Sadats-letzte-Uniform-16x12.jpg 16w, https:\/\/andel.info\/wp-content\/uploads\/2025\/12\/Sadats-letzte-Uniform-100x75.jpg 100w\" sizes=\"auto, (max-width: 1024px) 100vw, 1024px\" \/><\/a><figcaption class=\"wp-element-caption\">Dernier uniforme de Sadate<\/figcaption><\/figure>\n\n\n\n<figure class=\"wp-block-image size-large\"><a href=\"https:\/\/andel.info\/wp-content\/uploads\/2025\/12\/Sadats-Paradeuniform-scaled.jpg\"><img loading=\"lazy\" decoding=\"async\" width=\"1024\" height=\"768\" data-id=\"16251\" src=\"https:\/\/andel.info\/wp-content\/uploads\/2025\/12\/Sadats-Paradeuniform-1024x768.jpg\" alt=\"Sadats Paradeuniform\" class=\"wp-image-16251\" srcset=\"https:\/\/andel.info\/wp-content\/uploads\/2025\/12\/Sadats-Paradeuniform-1024x768.jpg 1024w, https:\/\/andel.info\/wp-content\/uploads\/2025\/12\/Sadats-Paradeuniform-300x225.jpg 300w, https:\/\/andel.info\/wp-content\/uploads\/2025\/12\/Sadats-Paradeuniform-768x576.jpg 768w, https:\/\/andel.info\/wp-content\/uploads\/2025\/12\/Sadats-Paradeuniform-1536x1152.jpg 1536w, https:\/\/andel.info\/wp-content\/uploads\/2025\/12\/Sadats-Paradeuniform-2048x1536.jpg 2048w, https:\/\/andel.info\/wp-content\/uploads\/2025\/12\/Sadats-Paradeuniform-16x12.jpg 16w, https:\/\/andel.info\/wp-content\/uploads\/2025\/12\/Sadats-Paradeuniform-100x75.jpg 100w\" sizes=\"auto, (max-width: 1024px) 100vw, 1024px\" \/><\/a><figcaption class=\"wp-element-caption\">Uniforme de parade de Sadate<\/figcaption><\/figure>\n\n\n\n<figure class=\"wp-block-image size-large\"><a href=\"https:\/\/andel.info\/wp-content\/uploads\/2025\/12\/Sadats-Rasierwasser-scaled.jpg\"><img loading=\"lazy\" decoding=\"async\" width=\"1024\" height=\"768\" data-id=\"16252\" src=\"https:\/\/andel.info\/wp-content\/uploads\/2025\/12\/Sadats-Rasierwasser-1024x768.jpg\" alt=\"Sadats Eau de Cologne\" class=\"wp-image-16252\" srcset=\"https:\/\/andel.info\/wp-content\/uploads\/2025\/12\/Sadats-Rasierwasser-1024x768.jpg 1024w, https:\/\/andel.info\/wp-content\/uploads\/2025\/12\/Sadats-Rasierwasser-300x225.jpg 300w, https:\/\/andel.info\/wp-content\/uploads\/2025\/12\/Sadats-Rasierwasser-768x576.jpg 768w, https:\/\/andel.info\/wp-content\/uploads\/2025\/12\/Sadats-Rasierwasser-1536x1152.jpg 1536w, https:\/\/andel.info\/wp-content\/uploads\/2025\/12\/Sadats-Rasierwasser-2048x1536.jpg 2048w, https:\/\/andel.info\/wp-content\/uploads\/2025\/12\/Sadats-Rasierwasser-16x12.jpg 16w, https:\/\/andel.info\/wp-content\/uploads\/2025\/12\/Sadats-Rasierwasser-100x75.jpg 100w\" sizes=\"auto, (max-width: 1024px) 100vw, 1024px\" \/><\/a><figcaption class=\"wp-element-caption\">Eau de Cologne de Sadate<\/figcaption><\/figure>\n\n\n\n<figure class=\"wp-block-image size-large\"><a href=\"https:\/\/andel.info\/wp-content\/uploads\/2025\/12\/Sadats-Schreibtisch-scaled.jpg\"><img loading=\"lazy\" decoding=\"async\" width=\"1024\" height=\"768\" data-id=\"16253\" src=\"https:\/\/andel.info\/wp-content\/uploads\/2025\/12\/Sadats-Schreibtisch-1024x768.jpg\" alt=\"Sadats Schreibtisch\" class=\"wp-image-16253\" srcset=\"https:\/\/andel.info\/wp-content\/uploads\/2025\/12\/Sadats-Schreibtisch-1024x768.jpg 1024w, https:\/\/andel.info\/wp-content\/uploads\/2025\/12\/Sadats-Schreibtisch-300x225.jpg 300w, https:\/\/andel.info\/wp-content\/uploads\/2025\/12\/Sadats-Schreibtisch-768x576.jpg 768w, https:\/\/andel.info\/wp-content\/uploads\/2025\/12\/Sadats-Schreibtisch-1536x1152.jpg 1536w, https:\/\/andel.info\/wp-content\/uploads\/2025\/12\/Sadats-Schreibtisch-2048x1536.jpg 2048w, https:\/\/andel.info\/wp-content\/uploads\/2025\/12\/Sadats-Schreibtisch-16x12.jpg 16w, https:\/\/andel.info\/wp-content\/uploads\/2025\/12\/Sadats-Schreibtisch-100x75.jpg 100w\" sizes=\"auto, (max-width: 1024px) 100vw, 1024px\" \/><\/a><figcaption class=\"wp-element-caption\">Bureau de Sadate<\/figcaption><\/figure>\n<\/figure>\n\n\n\n<p>Avec ce grand projet de la Bibliotheca Alexandrina, l'\u00c9gypte mise pleinement sur l'\u00e9ducation de sa population. Le b\u00e2timent a \u00e9t\u00e9 con\u00e7u d\u00e8s le d\u00e9part avec la perspective de pouvoir \u00eatre compl\u00e9t\u00e9, en fonction des besoins, par de futures installations d'information num\u00e9rique. Alexandrie se trouve d\u00e8s lors non seulement la ville des livres de l'Antiquit\u00e9, mais aussi celle de l'avenir. M\u00eame le conglom\u00e9rat am\u00e9ricain Amazon a nomm\u00e9 son assistant vocal \u00ab Alexa \u00bb en hommage \u00e0 ce lieu antique charg\u00e9 d'histoire. Reste \u00e0 esp\u00e9rer que la voie d\u00e9sormais engag\u00e9e dans cette direction ne sera pas entrav\u00e9e par les activit\u00e9s guerri\u00e8res de certains \u00c9tats voisins \u2013 en voiture, Isra\u00ebl est \u00e0 moins de huit heures de route. Le fier pays du Nil a d\u00e9j\u00e0 assez endur\u00e9 et la fragile situation cosmopolite n'a pas besoin de guerres suppl\u00e9mentaires, mais surtout de visions d'avenir porteuses d'espoir.<\/p>\n\n\n\n<p><em>David Andel (traduit par Laurence Geyduschek)<\/em><\/p>","protected":false},"excerpt":{"rendered":"<p>In der Geschichte der Menschheit wird einst Zerst\u00f6rtes zuweilen wieder aufgebaut. Im Falle der Bibliotheca Alexandrina geschah dies allerdings erst nach deutlich \u00fcber tausend Jahren. Ob es nun besser oder schlechter als damals geworden ist, l\u00e4sst sich nicht mehr feststellen, da der Ursprungsbau aus unbekannten Gr\u00fcnden in der Versenkung verschwand.<\/p>","protected":false},"author":2,"featured_media":15778,"comment_status":"closed","ping_status":"open","sticky":false,"template":"","format":"standard","meta":{"footnotes":""},"categories":[3,24],"tags":[1167,784,1169,1170,1168,757],"class_list":["post-15373","post","type-post","status-publish","format-standard","has-post-thumbnail","hentry","category-nahost","category-reisen","tag-alexandre-dumas","tag-anwar-es-sadat","tag-jorunn-sannes","tag-kristian-blystad","tag-marcel-proust","tag-victor-hugo"],"_links":{"self":[{"href":"https:\/\/andel.info\/fr\/wp-json\/wp\/v2\/posts\/15373","targetHints":{"allow":["GET"]}}],"collection":[{"href":"https:\/\/andel.info\/fr\/wp-json\/wp\/v2\/posts"}],"about":[{"href":"https:\/\/andel.info\/fr\/wp-json\/wp\/v2\/types\/post"}],"author":[{"embeddable":true,"href":"https:\/\/andel.info\/fr\/wp-json\/wp\/v2\/users\/2"}],"replies":[{"embeddable":true,"href":"https:\/\/andel.info\/fr\/wp-json\/wp\/v2\/comments?post=15373"}],"version-history":[{"count":170,"href":"https:\/\/andel.info\/fr\/wp-json\/wp\/v2\/posts\/15373\/revisions"}],"predecessor-version":[{"id":16657,"href":"https:\/\/andel.info\/fr\/wp-json\/wp\/v2\/posts\/15373\/revisions\/16657"}],"wp:featuredmedia":[{"embeddable":true,"href":"https:\/\/andel.info\/fr\/wp-json\/wp\/v2\/media\/15778"}],"wp:attachment":[{"href":"https:\/\/andel.info\/fr\/wp-json\/wp\/v2\/media?parent=15373"}],"wp:term":[{"taxonomy":"category","embeddable":true,"href":"https:\/\/andel.info\/fr\/wp-json\/wp\/v2\/categories?post=15373"},{"taxonomy":"post_tag","embeddable":true,"href":"https:\/\/andel.info\/fr\/wp-json\/wp\/v2\/tags?post=15373"}],"curies":[{"name":"wp","href":"https:\/\/api.w.org\/{rel}","templated":true}]}}